{"id":1876,"date":"2023-03-15T11:08:08","date_gmt":"2023-03-15T11:08:08","guid":{"rendered":"https:\/\/es.aldar.ma\/?p=1876"},"modified":"2023-03-15T11:08:08","modified_gmt":"2023-03-15T11:08:08","slug":"chakib-benmoussa-la-concesion-del-premio-a-la-excelencia-caf-2022-a-sm-el-rey-una-consagracion-del-genio-de-toda-la-juventud-africana","status":"publish","type":"post","link":"https:\/\/es.aldar.ma\/?p=1876","title":{"rendered":"Chakib Benmoussa : La concesi\u00f3n del Premio a la Excelencia CAF 2022 a SM el Rey una consagraci\u00f3n del genio de toda la juventud africana"},"content":{"rendered":"<div class=\"node-tpl-ville-accroche\" style=\"text-align: justify;\">\u00a0La concesi\u00f3n a SM el Rey Mohammed VI por la Confederaci\u00f3n Africana de F\u00fatbol (CAF), el martes en Kigali, Ruanda, de su Premio a la Excelencia que corona las realizaciones destacadas para el a\u00f1o 2022, constituye una consagraci\u00f3n del genio de toda la juventud del continente africano, afirm\u00f3 el ministro de Educaci\u00f3n Nacional, Preescolar y Deportes, Chakib Benmoussa.<\/div>\n<div class=\"node-wrapper-img-corps\">\n<div class=\"node-tpl-image-legende\" style=\"text-align: justify;\">\n<div class=\"img\">\n<div class=\"field field-name-field-image field-type-image field-label-hidden\">\n<div class=\"field-items\">\n<div class=\"field-item even\"><\/div>\n<\/div>\n<\/div>\n<\/div>\n<\/div>\n<div class=\"node-tpl-corps\">\n<p class=\"rtejustify\" style=\"text-align: justify;\">En una declaraci\u00f3n a la prensa tras la ceremonia de entrega del Premio a la Excelencia de la Confederaci\u00f3n Africana de F\u00fatbol (CAF) para el a\u00f1o 2022 a SM el Rey Mohammed VI y al Presidente de Ruanda, Paul Kagame, Benmoussa subray\u00f3 que este premio es tambi\u00e9n un reconocimiento a los esfuerzos emprendidos por el Reino de Marruecos, bajo la direcci\u00f3n sabia de Su Majestad el Rey, para el desarrollo del f\u00fatbol, especialmente en materia de infraestructuras y equipamiento b\u00e1sico, el refuerzo de capacidades de formaci\u00f3n y la promoci\u00f3n de la transparencia y la buena gobernanza en este \u00e1mbito.<\/p>\n<p class=\"rtejustify\" style=\"text-align: justify;\">El ministro, que recibi\u00f3 el premio en nombre de Su Majestad el Rey de manos del presidente de la Federaci\u00f3n Internacional de Asociaciones de F\u00fatbol (FIFA), Gianni Infantino, y del presidente de la Confederaci\u00f3n Africana de F\u00fatbol, Patrice Motsepe, se\u00f1al\u00f3 que Marruecos dispone, gracias a estos esfuerzos, de una infraestructura futbol\u00edstica de gran calidad que le capacita para organizar las grandes competiciones continentales y mundiales, as\u00ed como de una gran experiencia que puede compartir con los pa\u00edses africanos.<\/p>\n<p class=\"rtejustify\" style=\"text-align: justify;\">Benmoussa abord\u00f3 el anuncio por SM el Rey Mohammed VI de la candidatura conjunta de Marruecos con Espa\u00f1a y Portugal para organizar la Copa del Mundo de 2030, subrayando su particular simbolismo en la medida en que se trata de un expediente que es el primero de este tipo que re\u00fane a un Estado africano y a dos Estados europeos.<\/p>\n<p class=\"rtejustify\" style=\"text-align: justify;\">Esta candidatura conjunta, que unir\u00e1 \u00c1frica y Europa, el norte y el sur del Mediterr\u00e1neo, el continente africano y el mundo \u00e1rabe y la zona euromediterr\u00e1nea, tiene todas las ventajas para tener \u00e9xito, sostuvo el ministro.<\/p>\n<p class=\"rtejustify\" style=\"text-align: justify;\">La Confederaci\u00f3n Africana de F\u00fatbol (CAF) otorg\u00f3, el martes en Kigali en Ruanda, su Premio a la Excelencia del a\u00f1o 2022 a SM el Rey Mohammed VI y al presidente ruand\u00e9s Paul Kagame.<\/p>\n<p class=\"rtejustify\" style=\"text-align: justify;\">El trofeo \u00abCAF President&#8217;s Outstanding Achievement Award\u00bb fue entregado por el Presidente de la FIFA, Gianni Infantino, y el Presidente de la CAF, Patrice Motsepe, a Benmoussa.<\/p>\n<p class=\"rtejustify\" style=\"text-align: justify;\">Esta entrega del premio tuvo lugar en una ceremonia a la que asistieron el Presidente de la FIFA Gianni Infantino, los miembros del Comit\u00e9 Ejecutivo de la CAF, los Presidentes de las Asociaciones Miembro de la CAF y leyendas del f\u00fatbol.<\/p>\n<p>ALdar : LA MAP<\/p>\n<\/div>\n<\/div>\n","protected":false},"excerpt":{"rendered":"<p>\u00a0La concesi\u00f3n a SM el Rey Mohammed VI por la Confederaci\u00f3n Africana de F\u00fatbol (CAF), el martes en Kigali, Ruanda, de su Premio a la Excelencia que corona las realizaciones destacadas para el a\u00f1o 2022, constituye una consagraci\u00f3n del genio de toda la juventud del continente africano, afirm\u00f3 el ministro de Educaci\u00f3n Nacional, Preescolar y &hellip;<\/p>\n","protected":false},"author":3,"featured_media":1878,"comment_status":"open","ping_status":"open","sticky":false,"template":"","format":"standard","meta":{"footnotes":""},"categories":[2,95],"tags":[451],"class_list":["post-1876","post","type-post","status-publish","format-standard","has-post-thumbnail","hentry","category-sport","category-noticias-aldar","tag-chakib-benmoussa-la-concesion-del-premio-a-la-excelencia-caf-2022-a-sm-el-rey-una-consagracion-del-genio-de-toda-la-juventud-africana"],"_links":{"self":[{"href":"https:\/\/es.aldar.ma\/index.php?rest_route=\/wp\/v2\/posts\/1876","targetHints":{"allow":["GET"]}}],"collection":[{"href":"https:\/\/es.aldar.ma\/index.php?rest_route=\/wp\/v2\/posts"}],"about":[{"href":"https:\/\/es.aldar.ma\/index.php?rest_route=\/wp\/v2\/types\/post"}],"author":[{"embeddable":true,"href":"https:\/\/es.aldar.ma\/index.php?rest_route=\/wp\/v2\/users\/3"}],"replies":[{"embeddable":true,"href":"https:\/\/es.aldar.ma\/index.php?rest_route=%2Fwp%2Fv2%2Fcomments&post=1876"}],"version-history":[{"count":1,"href":"https:\/\/es.aldar.ma\/index.php?rest_route=\/wp\/v2\/posts\/1876\/revisions"}],"predecessor-version":[{"id":1879,"href":"https:\/\/es.aldar.ma\/index.php?rest_route=\/wp\/v2\/posts\/1876\/revisions\/1879"}],"wp:featuredmedia":[{"embeddable":true,"href":"https:\/\/es.aldar.ma\/index.php?rest_route=\/wp\/v2\/media\/1878"}],"wp:attachment":[{"href":"https:\/\/es.aldar.ma\/index.php?rest_route=%2Fwp%2Fv2%2Fmedia&parent=1876"}],"wp:term":[{"taxonomy":"category","embeddable":true,"href":"https:\/\/es.aldar.ma\/index.php?rest_route=%2Fwp%2Fv2%2Fcategories&post=1876"},{"taxonomy":"post_tag","embeddable":true,"href":"https:\/\/es.aldar.ma\/index.php?rest_route=%2Fwp%2Fv2%2Ftags&post=1876"}],"curies":[{"name":"wp","href":"https:\/\/api.w.org\/{rel}","templated":true}]}}