{"id":4470,"date":"2025-01-07T00:01:59","date_gmt":"2025-01-07T00:01:59","guid":{"rendered":"https:\/\/es.aldar.ma\/?p=4470"},"modified":"2025-01-07T00:01:59","modified_gmt":"2025-01-07T00:01:59","slug":"declaraciones-graves-de-said-bensdira-generan-controversia-nuevamente-llamados-a-la-exterminacion-y-acusaciones-de-involucramiento-en-incitacion-contra-el-pueblo-cabileno","status":"publish","type":"post","link":"https:\/\/es.aldar.ma\/?p=4470","title":{"rendered":"Declaraciones graves de Sa\u00efd Bensdira generan controversia nuevamente: Llamados a la exterminaci\u00f3n y acusaciones de involucramiento en incitaci\u00f3n contra el pueblo cabile\u00f1o"},"content":{"rendered":"<p style=\"text-align: justify;\">\n<p style=\"text-align: justify;\">\nALDAR\/<\/p>\n<p style=\"text-align: justify;\">El 5 de enero de 2025, los medios de comunicaci\u00f3n publicaron un video controvertido que muestra a Sa\u00efd Bensdira, un activista argelino residente en Par\u00eds, haciendo declaraciones sin precedentes contra el pueblo cabile\u00f1o. En este video, que r\u00e1pidamente se difundi\u00f3 en las plataformas de redes sociales, Bensdira llam\u00f3 a la \u201cexterminaci\u00f3n\u201d de los miembros del movimiento \u201cMAK\u201d (Movimiento para la Autonom\u00eda de Cabilia), tild\u00e1ndolos de \u201cterroristas\u201d. Tambi\u00e9n confirm\u00f3 que estas declaraciones se hicieron en el contexto de defender los intereses de su pa\u00eds, Argelia, lo que intensific\u00f3 a\u00fan m\u00e1s las tensiones entre \u00e9l y sus cr\u00edticos.<\/p>\n<p style=\"text-align: justify;\">Es importante se\u00f1alar que Sa\u00efd Bensdira no es solo un activista pol\u00edtico; se rumorea que trabaja para los servicios de inteligencia argelinos. El video ha provocado fuertes reacciones a nivel internacional, ya que muchos lo ven como un claro llamado a la incitaci\u00f3n a la violencia y el odio contra miembros del pueblo argelino en el extranjero, espec\u00edficamente las tribus de Cabilia.<\/p>\n<p style=\"text-align: justify;\">En sus declaraciones controvertidas, Bensdira dijo: \u201cSi estuviera en Argelia, los envenenar\u00eda con gas. Los exterminar\u00eda, y seguir\u00eda llamando a su exterminio si estuviera en una posici\u00f3n para tomar decisiones\u201d. Bensdira agreg\u00f3 con orgullo: \u201cNo soy un terrorista; soy un patriota argelino defendiendo los intereses de mi pa\u00eds. No permitir\u00e9 que nadie interfiera en los asuntos internos de Argelia.\u201d<\/p>\n<p style=\"text-align: justify;\">Bensdira tambi\u00e9n atac\u00f3 a lo que llam\u00f3 sus enemigos del movimiento MAK, calific\u00e1ndolos de \u201cterroristas\u201d apoyados por potencias extranjeras, incluido el presidente franc\u00e9s Emmanuel Macron y los partidos de extrema derecha en Francia. A pesar de sus duras cr\u00edticas hacia las autoridades francesas, la respuesta de los activistas y observadores no se hizo esperar, ya que muchos consideran sus declaraciones como una incitaci\u00f3n a la discordia y la violencia, lo que podr\u00eda llevar a investigaciones legales adicionales.<\/p>\n<p style=\"text-align: justify;\">Por su parte, las autoridades francesas no han emitido a\u00fan ninguna respuesta oficial a estas declaraciones, pero plantean preocupaciones sobre la libertad de expresi\u00f3n y sus l\u00edmites en un pa\u00eds considerado la cuna de los derechos humanos en el mundo. Han surgido preguntas sobre el papel del gobierno franc\u00e9s en la regulaci\u00f3n del discurso de odio y la incitaci\u00f3n a la violencia, especialmente en el caso de Bensdira, quien actualmente est\u00e1 bajo arresto domiciliario en Par\u00eds.<\/p>\n<p style=\"text-align: justify;\">Las declaraciones de Bensdira no son nuevas en el contexto de las tensiones pol\u00edticas entre Argelia y sus opositores internos de la regi\u00f3n de Cabilia, pero ponen de nuevo de manifiesto las profundas divisiones dentro de la sociedad argelina entre quienes apoyan la unidad del Estado y quienes exigen la independencia. Esto refleja la complejidad del conflicto nacional en Argelia y subraya que esta cuesti\u00f3n no es solo un asunto local, sino parte del debate m\u00e1s amplio entre Argelia y las potencias internacionales.<\/p>\n<p style=\"text-align: justify;\">Aunque las declaraciones de Sa\u00efd Bensdira no provienen de una persona com\u00fan, reflejan una profunda divisi\u00f3n interna en Argelia y plantean preguntas sobre el papel de Francia en la protecci\u00f3n de los derechos de las minor\u00edas y la defensa de la libertad de expresi\u00f3n. En estos tiempos sensibles, ser\u00e1 importante seguir de cerca el desarrollo del caso para garantizar que la situaci\u00f3n no se deteriore a\u00fan m\u00e1s.<\/p>\n","protected":false},"excerpt":{"rendered":"<p>ALDAR\/ El 5 de enero de 2025, los medios de comunicaci\u00f3n publicaron un video controvertido que muestra a Sa\u00efd Bensdira, un activista argelino residente en Par\u00eds, haciendo declaraciones sin precedentes contra el pueblo cabile\u00f1o. En este video, que r\u00e1pidamente se difundi\u00f3 en las plataformas de redes sociales, Bensdira llam\u00f3 a la \u201cexterminaci\u00f3n\u201d de los miembros &hellip;<\/p>\n","protected":false},"author":3,"featured_media":4471,"comment_status":"open","ping_status":"open","sticky":false,"template":"","format":"standard","meta":{"footnotes":""},"categories":[95],"tags":[1246],"class_list":["post-4470","post","type-post","status-publish","format-standard","has-post-thumbnail","hentry","category-noticias-aldar","tag-declaraciones-graves-de-said-bensdira-generan-controversia-nuevamente-llamados-a-la-exterminacion-y-acusaciones-de-involucramiento-en-incitacion-contra-el-pueblo-cabileno"],"_links":{"self":[{"href":"https:\/\/es.aldar.ma\/index.php?rest_route=\/wp\/v2\/posts\/4470","targetHints":{"allow":["GET"]}}],"collection":[{"href":"https:\/\/es.aldar.ma\/index.php?rest_route=\/wp\/v2\/posts"}],"about":[{"href":"https:\/\/es.aldar.ma\/index.php?rest_route=\/wp\/v2\/types\/post"}],"author":[{"embeddable":true,"href":"https:\/\/es.aldar.ma\/index.php?rest_route=\/wp\/v2\/users\/3"}],"replies":[{"embeddable":true,"href":"https:\/\/es.aldar.ma\/index.php?rest_route=%2Fwp%2Fv2%2Fcomments&post=4470"}],"version-history":[{"count":1,"href":"https:\/\/es.aldar.ma\/index.php?rest_route=\/wp\/v2\/posts\/4470\/revisions"}],"predecessor-version":[{"id":4472,"href":"https:\/\/es.aldar.ma\/index.php?rest_route=\/wp\/v2\/posts\/4470\/revisions\/4472"}],"wp:featuredmedia":[{"embeddable":true,"href":"https:\/\/es.aldar.ma\/index.php?rest_route=\/wp\/v2\/media\/4471"}],"wp:attachment":[{"href":"https:\/\/es.aldar.ma\/index.php?rest_route=%2Fwp%2Fv2%2Fmedia&parent=4470"}],"wp:term":[{"taxonomy":"category","embeddable":true,"href":"https:\/\/es.aldar.ma\/index.php?rest_route=%2Fwp%2Fv2%2Fcategories&post=4470"},{"taxonomy":"post_tag","embeddable":true,"href":"https:\/\/es.aldar.ma\/index.php?rest_route=%2Fwp%2Fv2%2Ftags&post=4470"}],"curies":[{"name":"wp","href":"https:\/\/api.w.org\/{rel}","templated":true}]}}