{"id":6465,"date":"2025-09-19T14:07:55","date_gmt":"2025-09-19T14:07:55","guid":{"rendered":"https:\/\/es.aldar.ma\/?p=6465"},"modified":"2025-09-19T14:07:55","modified_gmt":"2025-09-19T14:07:55","slug":"bourita-se-reune-con-su-homologo-chino-para-establecer-un-mecanismo-de-dialogo-estrategico-entre-marruecos-y-pekin","status":"publish","type":"post","link":"https:\/\/es.aldar.ma\/?p=6465","title":{"rendered":"Bourita se re\u00fane con su hom\u00f3logo chino para establecer un mecanismo de di\u00e1logo estrat\u00e9gico entre Marruecos y Pek\u00edn"},"content":{"rendered":"<p>ALDAR\/ IDBOUFRADE Kalthoum<\/p>\n<p>Hoy en Pek\u00edn, el ministro de Asuntos Exteriores, Cooperaci\u00f3n Africana y Marroqu\u00edes Residentes en el Extranjero, Nasser Bourita, mantuvo un encuentro oficial con su hom\u00f3logo chino, Wang Yi, durante el cual ambas partes firmaron un Memorando de Entendimiento.<\/p>\n<p><img decoding=\"async\" class=\"alignnone size-medium wp-image-6463 lazyload\" data-src=\"http:\/\/es.aldar.ma\/wp-content\/uploads\/2025\/09\/G1NP3N7WYAAH9-H-300x169.jpeg\" alt=\"\" width=\"300\" height=\"169\" data-srcset=\"https:\/\/es.aldar.ma\/wp-content\/uploads\/2025\/09\/G1NP3N7WYAAH9-H-300x169.jpeg 300w, https:\/\/es.aldar.ma\/wp-content\/uploads\/2025\/09\/G1NP3N7WYAAH9-H-1024x575.jpeg 1024w, https:\/\/es.aldar.ma\/wp-content\/uploads\/2025\/09\/G1NP3N7WYAAH9-H-768x431.jpeg 768w, https:\/\/es.aldar.ma\/wp-content\/uploads\/2025\/09\/G1NP3N7WYAAH9-H-390x220.jpeg 390w, https:\/\/es.aldar.ma\/wp-content\/uploads\/2025\/09\/G1NP3N7WYAAH9-H.jpeg 800w\" data-sizes=\"(max-width: 300px) 100vw, 300px\" src=\"data:image\/svg+xml;base64,PHN2ZyB3aWR0aD0iMSIgaGVpZ2h0PSIxIiB4bWxucz0iaHR0cDovL3d3dy53My5vcmcvMjAwMC9zdmciPjwvc3ZnPg==\" style=\"--smush-placeholder-width: 300px; --smush-placeholder-aspect-ratio: 300\/169;\" \/> <img decoding=\"async\" class=\"alignnone size-medium wp-image-6462 lazyload\" data-src=\"http:\/\/es.aldar.ma\/wp-content\/uploads\/2025\/09\/G1NQAriWIAAQXvl-300x169.jpeg\" alt=\"\" width=\"300\" height=\"169\" data-srcset=\"https:\/\/es.aldar.ma\/wp-content\/uploads\/2025\/09\/G1NQAriWIAAQXvl-300x169.jpeg 300w, https:\/\/es.aldar.ma\/wp-content\/uploads\/2025\/09\/G1NQAriWIAAQXvl-1024x575.jpeg 1024w, https:\/\/es.aldar.ma\/wp-content\/uploads\/2025\/09\/G1NQAriWIAAQXvl-768x431.jpeg 768w, https:\/\/es.aldar.ma\/wp-content\/uploads\/2025\/09\/G1NQAriWIAAQXvl-390x220.jpeg 390w, https:\/\/es.aldar.ma\/wp-content\/uploads\/2025\/09\/G1NQAriWIAAQXvl.jpeg 800w\" data-sizes=\"(max-width: 300px) 100vw, 300px\" src=\"data:image\/svg+xml;base64,PHN2ZyB3aWR0aD0iMSIgaGVpZ2h0PSIxIiB4bWxucz0iaHR0cDovL3d3dy53My5vcmcvMjAwMC9zdmciPjwvc3ZnPg==\" style=\"--smush-placeholder-width: 300px; --smush-placeholder-aspect-ratio: 300\/169;\" \/><\/p>\n<p>Este memorando tiene como objetivo instaurar un mecanismo de di\u00e1logo estrat\u00e9gico entre los Ministerios de Asuntos Exteriores del Reino de Marruecos y de la Rep\u00fablica Popular China, lo que representa un paso importante hacia el fortalecimiento de las relaciones bilaterales y la consolidaci\u00f3n de la asociaci\u00f3n entre ambos pa\u00edses.<\/p>\n<p>El mecanismo se basa en el contenido de la Declaraci\u00f3n Conjunta sobre la Asociaci\u00f3n Estrat\u00e9gica, firmada el 11 de mayo de 2016 en Pek\u00edn por Su Majestad el Rey Mohamed VI y el presidente chino Xi Jinping. Su prop\u00f3sito es reestructurar el di\u00e1logo de alto nivel entre Marruecos y China, adem\u00e1s de reforzar la cooperaci\u00f3n pol\u00edtica y diplom\u00e1tica sobre la base de la confianza y el entendimiento mutuo.<\/p>\n<p>La firma de este memorando subraya la importancia de consolidar los cimientos de la acci\u00f3n conjunta entre los dos Estados, ampliar los horizontes de cooperaci\u00f3n en sectores vitales y proporcionar una plataforma permanente para coordinar pol\u00edticas exteriores e intercambiar puntos de vista sobre cuestiones regionales e internacionales de inter\u00e9s com\u00fan.<\/p>\n","protected":false},"excerpt":{"rendered":"<p>ALDAR\/ IDBOUFRADE Kalthoum Hoy en Pek\u00edn, el ministro de Asuntos Exteriores, Cooperaci\u00f3n Africana y Marroqu\u00edes Residentes en el Extranjero, Nasser Bourita, mantuvo un encuentro oficial con su hom\u00f3logo chino, Wang Yi, durante el cual ambas partes firmaron un Memorando de Entendimiento. Este memorando tiene como objetivo instaurar un mecanismo de di\u00e1logo estrat\u00e9gico entre los Ministerios &hellip;<\/p>\n","protected":false},"author":3,"featured_media":6461,"comment_status":"open","ping_status":"open","sticky":false,"template":"","format":"standard","meta":{"footnotes":""},"categories":[95,5],"tags":[1802],"class_list":["post-6465","post","type-post","status-publish","format-standard","has-post-thumbnail","hentry","category-noticias-aldar","category-politica","tag-bourita-se-reune-con-su-homologo-chino-para-establecer-un-mecanismo-de-dialogo-estrategico-entre-marruecos-y-pekin"],"_links":{"self":[{"href":"https:\/\/es.aldar.ma\/index.php?rest_route=\/wp\/v2\/posts\/6465","targetHints":{"allow":["GET"]}}],"collection":[{"href":"https:\/\/es.aldar.ma\/index.php?rest_route=\/wp\/v2\/posts"}],"about":[{"href":"https:\/\/es.aldar.ma\/index.php?rest_route=\/wp\/v2\/types\/post"}],"author":[{"embeddable":true,"href":"https:\/\/es.aldar.ma\/index.php?rest_route=\/wp\/v2\/users\/3"}],"replies":[{"embeddable":true,"href":"https:\/\/es.aldar.ma\/index.php?rest_route=%2Fwp%2Fv2%2Fcomments&post=6465"}],"version-history":[{"count":1,"href":"https:\/\/es.aldar.ma\/index.php?rest_route=\/wp\/v2\/posts\/6465\/revisions"}],"predecessor-version":[{"id":6466,"href":"https:\/\/es.aldar.ma\/index.php?rest_route=\/wp\/v2\/posts\/6465\/revisions\/6466"}],"wp:featuredmedia":[{"embeddable":true,"href":"https:\/\/es.aldar.ma\/index.php?rest_route=\/wp\/v2\/media\/6461"}],"wp:attachment":[{"href":"https:\/\/es.aldar.ma\/index.php?rest_route=%2Fwp%2Fv2%2Fmedia&parent=6465"}],"wp:term":[{"taxonomy":"category","embeddable":true,"href":"https:\/\/es.aldar.ma\/index.php?rest_route=%2Fwp%2Fv2%2Fcategories&post=6465"},{"taxonomy":"post_tag","embeddable":true,"href":"https:\/\/es.aldar.ma\/index.php?rest_route=%2Fwp%2Fv2%2Ftags&post=6465"}],"curies":[{"name":"wp","href":"https:\/\/api.w.org\/{rel}","templated":true}]}}