{"id":6519,"date":"2025-09-27T10:54:50","date_gmt":"2025-09-27T10:54:50","guid":{"rendered":"https:\/\/es.aldar.ma\/?p=6519"},"modified":"2025-09-27T11:58:56","modified_gmt":"2025-09-27T11:58:56","slug":"80a-asamblea-general-de-la-onu-marruecos-participa-activamente-con-posturas-firmes-por-la-paz-el-desarrollo-y-el-fortalecimiento-de-la-iniciativa-de-autonomia","status":"publish","type":"post","link":"https:\/\/es.aldar.ma\/?p=6519","title":{"rendered":"80\u00aa Asamblea General de la ONU: Marruecos participa activamente con posturas firmes por la paz, el desarrollo y el fortalecimiento de la iniciativa de autonom\u00eda"},"content":{"rendered":"<p>ALDAR\/ IDBOUFRADE Keltouma<\/p>\n<p>Durante su participaci\u00f3n en la 80\u00aa sesi\u00f3n de la Asamblea General de las Naciones Unidas, el se\u00f1or Nasser Bourita, Ministro de Asuntos Exteriores, Cooperaci\u00f3n Africana y Marroqu\u00edes Residentes en el Extranjero, enfatiz\u00f3 que el Reino de Marruecos, bajo el liderazgo sabio de Su Majestad el Rey Mohammed VI, contin\u00faa desempe\u00f1ando un papel influyente y proactivo en el abordaje de los grandes desaf\u00edos globales, incluyendo cuestiones de paz, seguridad, desarrollo, migraci\u00f3n, cambio clim\u00e1tico y lucha contra el terrorismo.<\/p>\n<p>Bourita tambi\u00e9n subray\u00f3 que la din\u00e1mica internacional que respalda la iniciativa marroqu\u00ed de autonom\u00eda ha continuado con fuerza, gracias a la visi\u00f3n iluminada del Rey, con la iniciativa obteniendo un amplio respaldo como el \u00fanico fundamento para resolver el conflicto regional sobre el S\u00e1hara marroqu\u00ed.<\/p>\n<p>Explic\u00f3 que la participaci\u00f3n de Marruecos en la semana de alto nivel de la Asamblea General sirvi\u00f3 como oportunidad para reforzar este impulso, se\u00f1alando que las recientes posiciones de Estados Unidos y Europa, que apoyan inversiones en los territorios del sur, reflejan un reconocimiento econ\u00f3mico y pol\u00edtico de la soberan\u00eda marroqu\u00ed sobre estas provincias.<\/p>\n<p>Bourita tambi\u00e9n destac\u00f3 la iniciativa real destinada a permitir que los pa\u00edses del Sahel accedan al Oc\u00e9ano Atl\u00e1ntico, que ha pasado a la fase de implementaci\u00f3n y ha recibido un creciente apoyo internacional, se\u00f1alando que esta visi\u00f3n ha cambiado el enfoque tradicional hacia el Sahel, de ser una carga a convertirse en un espacio lleno de oportunidades.<\/p>\n<p>En consecuencia, durante la sesi\u00f3n de la ONU se discuti\u00f3 la Iniciativa Real para \u00c1frica Atl\u00e1ntica en una reuni\u00f3n ministerial, en la que se fijaron fechas futuras para fortalecer la cooperaci\u00f3n en este espacio continental.<\/p>\n<p>En consonancia con ello, Marruecos enfatiz\u00f3 en este foro internacional la necesidad de importantes inversiones en infraestructura africana, estimando los requerimientos financieros en 170 mil millones de d\u00f3lares para fortalecer la integraci\u00f3n continental, y el Ministro sostuvo una serie de reuniones bilaterales con sus hom\u00f3logos de \u00c1frica, Am\u00e9rica Latina, el Caribe y Europa, en el marco del fortalecimiento de la cooperaci\u00f3n Sur-Sur y la diversificaci\u00f3n de las asociaciones internacionales del Reino.<\/p>\n<p>En otro contexto, Bourita se\u00f1al\u00f3 que el Mensaje Real de Su Majestad dirigido al Consejo Supremo de Ulemas con motivo del 1.500 aniversario del nacimiento del Profeta Muhammad (la paz sea con \u00e9l) recibi\u00f3 un amplio reconocimiento y fue considerado una referencia espiritual e intelectual dentro de la Organizaci\u00f3n de Cooperaci\u00f3n Isl\u00e1mica.<\/p>\n<p>En cuanto a la cuesti\u00f3n palestina, Marruecos reafirm\u00f3 su postura basada en las posiciones firmes de Su Majestad el Rey Mohammed VI, expresando su rechazo a la gesti\u00f3n de crisis, llamando al cese del fuego, proporcionando asistencia humanitaria al pueblo palestino y manteniendo la soluci\u00f3n de dos Estados seg\u00fan la Iniciativa de Paz \u00c1rabe y las resoluciones de la ONU.<\/p>\n<p>En este marco, Bourita confirm\u00f3 ante la audiencia de alto nivel la importancia que Su Majestad, como Presidente del Comit\u00e9 de Al-Quds, otorga a la protecci\u00f3n de la Ciudad Santa y a la preservaci\u00f3n de su identidad a trav\u00e9s del trabajo de la Agencia Bayt Mal Al-Quds.<\/p>\n","protected":false},"excerpt":{"rendered":"<p>ALDAR\/ IDBOUFRADE Keltouma Durante su participaci\u00f3n en la 80\u00aa sesi\u00f3n de la Asamblea General de las Naciones Unidas, el se\u00f1or Nasser Bourita, Ministro de Asuntos Exteriores, Cooperaci\u00f3n Africana y Marroqu\u00edes Residentes en el Extranjero, enfatiz\u00f3 que el Reino de Marruecos, bajo el liderazgo sabio de Su Majestad el Rey Mohammed VI, contin\u00faa desempe\u00f1ando un papel &hellip;<\/p>\n","protected":false},"author":3,"featured_media":6524,"comment_status":"open","ping_status":"open","sticky":false,"template":"","format":"standard","meta":{"footnotes":""},"categories":[95,5],"tags":[1828,1829],"class_list":["post-6519","post","type-post","status-publish","format-standard","has-post-thumbnail","hentry","category-noticias-aldar","category-politica","tag-80a-asamblea-general-de-la-onu-marruecos-participa-activamente-con-posturas-firmes-por-la-paz","tag-el-desarrollo-y-el-fortalecimiento-de-la-iniciativa-de-autonomia"],"_links":{"self":[{"href":"https:\/\/es.aldar.ma\/index.php?rest_route=\/wp\/v2\/posts\/6519","targetHints":{"allow":["GET"]}}],"collection":[{"href":"https:\/\/es.aldar.ma\/index.php?rest_route=\/wp\/v2\/posts"}],"about":[{"href":"https:\/\/es.aldar.ma\/index.php?rest_route=\/wp\/v2\/types\/post"}],"author":[{"embeddable":true,"href":"https:\/\/es.aldar.ma\/index.php?rest_route=\/wp\/v2\/users\/3"}],"replies":[{"embeddable":true,"href":"https:\/\/es.aldar.ma\/index.php?rest_route=%2Fwp%2Fv2%2Fcomments&post=6519"}],"version-history":[{"count":1,"href":"https:\/\/es.aldar.ma\/index.php?rest_route=\/wp\/v2\/posts\/6519\/revisions"}],"predecessor-version":[{"id":6521,"href":"https:\/\/es.aldar.ma\/index.php?rest_route=\/wp\/v2\/posts\/6519\/revisions\/6521"}],"wp:featuredmedia":[{"embeddable":true,"href":"https:\/\/es.aldar.ma\/index.php?rest_route=\/wp\/v2\/media\/6524"}],"wp:attachment":[{"href":"https:\/\/es.aldar.ma\/index.php?rest_route=%2Fwp%2Fv2%2Fmedia&parent=6519"}],"wp:term":[{"taxonomy":"category","embeddable":true,"href":"https:\/\/es.aldar.ma\/index.php?rest_route=%2Fwp%2Fv2%2Fcategories&post=6519"},{"taxonomy":"post_tag","embeddable":true,"href":"https:\/\/es.aldar.ma\/index.php?rest_route=%2Fwp%2Fv2%2Ftags&post=6519"}],"curies":[{"name":"wp","href":"https:\/\/api.w.org\/{rel}","templated":true}]}}