{"id":6539,"date":"2025-10-01T08:35:47","date_gmt":"2025-10-01T08:35:47","guid":{"rendered":"https:\/\/es.aldar.ma\/?p=6539"},"modified":"2025-10-01T08:35:47","modified_gmt":"2025-10-01T08:35:47","slug":"protestas-de-la-generacion-z-en-marruecos-errores-compartidos-entre-la-seguridad-y-los-manifestantes-abren-la-puerta-al-caos","status":"publish","type":"post","link":"https:\/\/es.aldar.ma\/?p=6539","title":{"rendered":"Protestas de la Generaci\u00f3n Z en Marruecos\u2026 Errores compartidos entre la seguridad y los manifestantes abren la puerta al caos"},"content":{"rendered":"<p>&nbsp;<\/p>\n<p>&nbsp;<\/p>\n<p>ALDAR\/ Ghita Hafiani<\/p>\n<p>Marruecos atraviesa una ola de protestas lideradas por la Generaci\u00f3n Z, en las que se han alzado consignas sociales y pol\u00edticas que reflejan la creciente frustraci\u00f3n de una juventud que reclama justicia, dignidad e igualdad de oportunidades.<\/p>\n<p>Estas manifestaciones comenzaron con un mensaje claramente pac\u00edfico, pero su evoluci\u00f3n sobre el terreno pronto dej\u00f3 entrever peligrosos desv\u00edos en varios niveles.<\/p>\n<p>Por un lado, se registraron algunos errores en la actuaci\u00f3n de las fuerzas de seguridad frente a los manifestantes en determinados momentos, donde prevalecieron la violencia y los excesos en el manejo de protestas que, en principio, debieron haberse gestionado con contenci\u00f3n y mecanismos equilibrados, capaces de salvaguardar el derecho a la manifestaci\u00f3n pac\u00edfica sin poner en riesgo el orden p\u00fablico.<\/p>\n<p>Aunque estos comportamientos no representaron la norma general, ofrecieron a los detractores del pa\u00eds la oportunidad de amplificar la situaci\u00f3n y acusar a Marruecos de reprimir a su juventud, en un momento en que el Reino se enfrenta a grandes desaf\u00edos tanto a nivel interno como externo.<\/p>\n<p>Por otro lado, parte de los manifestantes cometieron un error al permitir que bandas delictivas se infiltraran entre ellos, aprovechando la fuerza de las calles para llevar a cabo actos de vandalismo, saqueos y robos, llegando incluso a agredir a las fuerzas del orden.<\/p>\n<p>Esta confusi\u00f3n entre la protesta leg\u00edtima y el crimen organizado no solo da\u00f1\u00f3 la imagen de las movilizaciones juveniles, sino que tambi\u00e9n amenaza con deslegitimarlas y hacerles perder la confianza de la opini\u00f3n p\u00fablica.<\/p>\n<p>Lo ocurrido revela una ecuaci\u00f3n compleja: una juventud indignada que plantea reivindicaciones leg\u00edtimas, unas fuerzas de seguridad bajo la presi\u00f3n de proteger tanto la estabilidad como los bienes, sin quedar exentas de cometer excesos; y, en medio de todo ello, fuerzas desestabilizadoras que buscan cualquier oportunidad para debilitar a Marruecos y socavar su estabilidad.<\/p>\n<p>Hoy la prioridad es extraer las lecciones: por parte del Estado, reforzar el enfoque basado en los derechos humanos en la gesti\u00f3n de las protestas y evitar reacciones desmedidas que alimenten la tensi\u00f3n y erosionen la confianza. Y, por parte de los j\u00f3venes, proteger sus movilizaciones de infiltraciones, sin dejar que caigan en manos de bandas criminales ni de agendas externas que pretendan instrumentalizar su indignaci\u00f3n con fines destructivos.<\/p>\n<p>La verdad inmutable es que Marruecos necesita a la vez estabilidad y reformas, y que el camino hacia el futuro pasa por un delicado equilibrio entre el respeto de los derechos y la preservaci\u00f3n de la seguridad.<\/p>\n","protected":false},"excerpt":{"rendered":"<p>&nbsp; &nbsp; ALDAR\/ Ghita Hafiani Marruecos atraviesa una ola de protestas lideradas por la Generaci\u00f3n Z, en las que se han alzado consignas sociales y pol\u00edticas que reflejan la creciente frustraci\u00f3n de una juventud que reclama justicia, dignidad e igualdad de oportunidades. Estas manifestaciones comenzaron con un mensaje claramente pac\u00edfico, pero su evoluci\u00f3n sobre el &hellip;<\/p>\n","protected":false},"author":3,"featured_media":6540,"comment_status":"open","ping_status":"open","sticky":false,"template":"","format":"standard","meta":{"footnotes":""},"categories":[95,5],"tags":[1833],"class_list":["post-6539","post","type-post","status-publish","format-standard","has-post-thumbnail","hentry","category-noticias-aldar","category-politica","tag-protestas-de-la-generacion-z-en-marruecos-errores-compartidos-entre-la-seguridad-y-los-manifestantes-abren-la-puerta-al-caos"],"_links":{"self":[{"href":"https:\/\/es.aldar.ma\/index.php?rest_route=\/wp\/v2\/posts\/6539","targetHints":{"allow":["GET"]}}],"collection":[{"href":"https:\/\/es.aldar.ma\/index.php?rest_route=\/wp\/v2\/posts"}],"about":[{"href":"https:\/\/es.aldar.ma\/index.php?rest_route=\/wp\/v2\/types\/post"}],"author":[{"embeddable":true,"href":"https:\/\/es.aldar.ma\/index.php?rest_route=\/wp\/v2\/users\/3"}],"replies":[{"embeddable":true,"href":"https:\/\/es.aldar.ma\/index.php?rest_route=%2Fwp%2Fv2%2Fcomments&post=6539"}],"version-history":[{"count":1,"href":"https:\/\/es.aldar.ma\/index.php?rest_route=\/wp\/v2\/posts\/6539\/revisions"}],"predecessor-version":[{"id":6541,"href":"https:\/\/es.aldar.ma\/index.php?rest_route=\/wp\/v2\/posts\/6539\/revisions\/6541"}],"wp:featuredmedia":[{"embeddable":true,"href":"https:\/\/es.aldar.ma\/index.php?rest_route=\/wp\/v2\/media\/6540"}],"wp:attachment":[{"href":"https:\/\/es.aldar.ma\/index.php?rest_route=%2Fwp%2Fv2%2Fmedia&parent=6539"}],"wp:term":[{"taxonomy":"category","embeddable":true,"href":"https:\/\/es.aldar.ma\/index.php?rest_route=%2Fwp%2Fv2%2Fcategories&post=6539"},{"taxonomy":"post_tag","embeddable":true,"href":"https:\/\/es.aldar.ma\/index.php?rest_route=%2Fwp%2Fv2%2Ftags&post=6539"}],"curies":[{"name":"wp","href":"https:\/\/api.w.org\/{rel}","templated":true}]}}