{"id":7216,"date":"2026-04-14T12:56:58","date_gmt":"2026-04-14T12:56:58","guid":{"rendered":"https:\/\/es.aldar.ma\/?p=7216"},"modified":"2026-04-14T12:56:58","modified_gmt":"2026-04-14T12:56:58","slug":"la-ministra-de-estado-de-asuntos-exteriores-cooperacion-y-comunidades-de-santo-tome-y-principe-sra-ilza-maria-dos-santos-amado-vaz-saludo-este-martes-en-rabat-las-iniciativas-reales-y-expreso-su-a","status":"publish","type":"post","link":"https:\/\/es.aldar.ma\/?p=7216","title":{"rendered":"La ministra de Estado de Asuntos Exteriores, Cooperaci\u00f3n y Comunidades de Santo Tom\u00e9 y Pr\u00edncipe, Sra. Ilza Maria dos Santos Amado Vaz, salud\u00f3 este martes en Rabat las Iniciativas Reales y expres\u00f3 su admiraci\u00f3n por el Liderazgo y el fuerte compromiso de Su Majestad el Rey Mohammed VI en favor de la paz, la estabilidad y el desarrollo en \u00c1frica."},"content":{"rendered":"<div class=\"actu-detail-article_header mb-2\">\n<div class=\"article-title\">\n<div class=\"txt-wrapper text-justify\"><\/div>\n<\/div>\n<\/div>\n<div class=\"actu-detail-article_txt img-fluid\">\n<div class=\"actu-detail-article p-m br-5\">\n<div class=\"actu-detail-article_txt img-fluid concour-interne\">\n<div class=\"field field--name-body field--type-text-with-summary field--label-hidden field__item\">\n<p class=\"text-align-justify\">Durante un encuentro con el ministro de Asuntos Exteriores, Cooperaci\u00f3n Africana y Marroqu\u00edes Residentes en el Extranjero, Sr. Nasser Bourita, Sra. Amado Vaz, en visita de trabajo a Marruecos, destac\u00f3 el liderazgo y la loable contribuci\u00f3n de Su Majestad el Rey Mohammed VI a los esfuerzos de la Comunidad Internacional para promover la paz, la estabilidad y el desarrollo en el continente africano.<\/p>\n<p>En este contexto, reafirm\u00f3 su firme compromiso de reforzar las relaciones bilaterales y de promover una asociaci\u00f3n estrat\u00e9gica basada en el respeto mutuo, la solidaridad y la conformidad con los principios del Derecho Internacional.<\/p>\n<p>Ambos ministros tambi\u00e9n saludaron la din\u00e1mica impulsada en el marco del Proceso de los Estados Africanos Atl\u00e1nticos (PEAA), destinado a convertir el espacio africano atl\u00e1ntico en un marco geoestrat\u00e9gico que ofrece importantes oportunidades de sinergia y cooperaci\u00f3n entre los pa\u00edses que lo integran en \u00e1mbitos estrat\u00e9gicos como el medio ambiente, la seguridad alimentaria, la salud, la energ\u00eda, la interconexi\u00f3n log\u00edstica, la puesta en com\u00fan de recursos y el intercambio de experiencias, pudiendo constituir, en este sentido, una zona de coemergencia y estabilidad.<\/p>\n<p>Sr. Bourita y Sra. Amado Vaz reconocieron asimismo el papel estrat\u00e9gico del Proceso de los Estados Africanos Atl\u00e1nticos en la consolidaci\u00f3n de la paz, la estabilidad y la prosperidad en la regi\u00f3n atl\u00e1ntica.<\/p>\n<p>Sra. Amado Vaz tambi\u00e9n salud\u00f3 la Iniciativa de Su Majestad el Rey destinada a facilitar el acceso de los pa\u00edses del Sahel al Oc\u00e9ano Atl\u00e1ntico, as\u00ed como el proyecto de Gasoducto Africano Atl\u00e1ntico Nigeria-Marruecos, subrayando la importancia estrat\u00e9gica de estas iniciativas que se inscriben en el marco de la solidaridad activa de Marruecos con los pa\u00edses africanos hermanos.<\/p>\n<\/div>\n<\/div>\n<\/div>\n<\/div>\n","protected":false},"excerpt":{"rendered":"<p>Durante un encuentro con el ministro de Asuntos Exteriores, Cooperaci\u00f3n Africana y Marroqu\u00edes Residentes en el Extranjero, Sr. Nasser Bourita, Sra. Amado Vaz, en visita de trabajo a Marruecos, destac\u00f3 el liderazgo y la loable contribuci\u00f3n de Su Majestad el Rey Mohammed VI a los esfuerzos de la Comunidad Internacional para promover la paz, la &hellip;<\/p>\n","protected":false},"author":3,"featured_media":7217,"comment_status":"open","ping_status":"open","sticky":false,"template":"","format":"standard","meta":{"footnotes":""},"categories":[95,5],"tags":[],"class_list":["post-7216","post","type-post","status-publish","format-standard","has-post-thumbnail","hentry","category-noticias-aldar","category-politica"],"_links":{"self":[{"href":"https:\/\/es.aldar.ma\/index.php?rest_route=\/wp\/v2\/posts\/7216","targetHints":{"allow":["GET"]}}],"collection":[{"href":"https:\/\/es.aldar.ma\/index.php?rest_route=\/wp\/v2\/posts"}],"about":[{"href":"https:\/\/es.aldar.ma\/index.php?rest_route=\/wp\/v2\/types\/post"}],"author":[{"embeddable":true,"href":"https:\/\/es.aldar.ma\/index.php?rest_route=\/wp\/v2\/users\/3"}],"replies":[{"embeddable":true,"href":"https:\/\/es.aldar.ma\/index.php?rest_route=%2Fwp%2Fv2%2Fcomments&post=7216"}],"version-history":[{"count":1,"href":"https:\/\/es.aldar.ma\/index.php?rest_route=\/wp\/v2\/posts\/7216\/revisions"}],"predecessor-version":[{"id":7218,"href":"https:\/\/es.aldar.ma\/index.php?rest_route=\/wp\/v2\/posts\/7216\/revisions\/7218"}],"wp:featuredmedia":[{"embeddable":true,"href":"https:\/\/es.aldar.ma\/index.php?rest_route=\/wp\/v2\/media\/7217"}],"wp:attachment":[{"href":"https:\/\/es.aldar.ma\/index.php?rest_route=%2Fwp%2Fv2%2Fmedia&parent=7216"}],"wp:term":[{"taxonomy":"category","embeddable":true,"href":"https:\/\/es.aldar.ma\/index.php?rest_route=%2Fwp%2Fv2%2Fcategories&post=7216"},{"taxonomy":"post_tag","embeddable":true,"href":"https:\/\/es.aldar.ma\/index.php?rest_route=%2Fwp%2Fv2%2Ftags&post=7216"}],"curies":[{"name":"wp","href":"https:\/\/api.w.org\/{rel}","templated":true}]}}