{"id":7299,"date":"2026-04-29T19:42:04","date_gmt":"2026-04-29T19:42:04","guid":{"rendered":"https:\/\/es.aldar.ma\/?p=7299"},"modified":"2026-04-29T19:42:04","modified_gmt":"2026-04-29T19:42:04","slug":"bourita-marruecos-reitera-su-apoyo-a-la-estabilidad-la-soberania-y-la-unidad-nacional-de-mali","status":"publish","type":"post","link":"https:\/\/es.aldar.ma\/?p=7299","title":{"rendered":"Bourita:\u00a0Marruecos reitera su apoyo a la estabilidad, la soberan\u00eda y la unidad nacional de Mali"},"content":{"rendered":"<div class=\"node-tpl-ville-accroche\">Marruecos reitera su apoyo a la estabilidad, la soberan\u00eda y la unidad nacional de Mali, afirm\u00f3 este mi\u00e9rcoles en Rabat el ministro de Asuntos Exteriores, Cooperaci\u00f3n Africana y Marroqu\u00edes Residentes en el Extranjero, Nasser Bourita.<\/div>\n<div class=\"node-wrapper-img-corps\">\n<div class=\"node-tpl-image-legende\">\n<div class=\"img\">\n<div class=\"field field-name-field-image field-type-image field-label-hidden\">\n<div class=\"field-items\">\n<div class=\"field-item even\"><\/div>\n<\/div>\n<\/div>\n<\/div>\n<\/div>\n<div class=\"node-tpl-corps\">\n<p>La estabilidad de Mali es \u00abfundamental\u00bb para la estabilidad regional, subray\u00f3 Bourita en una rueda de prensa tras una reuni\u00f3n con el secretario adjunto de Estado de los Estados Unidos, Christopher Landau, recordando que el Reino ya ha condenado en\u00e9rgicamente los ataques terroristas contra instalaciones civiles y militares malienses.<\/p>\n<p>\u00abMarruecos condena estos ataques y considera que son inaceptables y que han causado numerosas v\u00edctimas\u00bb, insisti\u00f3.<\/p>\n<p>El ministro consider\u00f3 que el Sahel atraviesa una fase \u00abmuy cr\u00edtica\u00bb de su historia y, en este sentido, advirti\u00f3 de una \u00abclara connivencia entre el separatismo y el terrorismo\u00bb, que requiere una intervenci\u00f3n por parte de los actores directamente concernidos, tanto a nivel regional como internacional.<\/p>\n<p>\u00abEs fundamental que podamos emprender din\u00e1micas inversas, centradas en la estabilidad y el respeto de las elecciones de la poblaci\u00f3n, en las que las relaciones se basen en la cooperaci\u00f3n y no en el chantaje y la intimidaci\u00f3n\u00bb, concluy\u00f3.<\/p>\n<\/div>\n<\/div>\n","protected":false},"excerpt":{"rendered":"<p>Marruecos reitera su apoyo a la estabilidad, la soberan\u00eda y la unidad nacional de Mali, afirm\u00f3 este mi\u00e9rcoles en Rabat el ministro de Asuntos Exteriores, Cooperaci\u00f3n Africana y Marroqu\u00edes Residentes en el Extranjero, Nasser Bourita. La estabilidad de Mali es \u00abfundamental\u00bb para la estabilidad regional, subray\u00f3 Bourita en una rueda de prensa tras una reuni\u00f3n &hellip;<\/p>\n","protected":false},"author":3,"featured_media":7300,"comment_status":"open","ping_status":"open","sticky":false,"template":"","format":"standard","meta":{"footnotes":""},"categories":[95,5],"tags":[2124,2125],"class_list":["post-7299","post","type-post","status-publish","format-standard","has-post-thumbnail","hentry","category-noticias-aldar","category-politica","tag-bourita-marruecos-reitera-su-apoyo-a-la-estabilidad","tag-la-soberania-y-la-unidad-nacional-de-mali"],"_links":{"self":[{"href":"https:\/\/es.aldar.ma\/index.php?rest_route=\/wp\/v2\/posts\/7299","targetHints":{"allow":["GET"]}}],"collection":[{"href":"https:\/\/es.aldar.ma\/index.php?rest_route=\/wp\/v2\/posts"}],"about":[{"href":"https:\/\/es.aldar.ma\/index.php?rest_route=\/wp\/v2\/types\/post"}],"author":[{"embeddable":true,"href":"https:\/\/es.aldar.ma\/index.php?rest_route=\/wp\/v2\/users\/3"}],"replies":[{"embeddable":true,"href":"https:\/\/es.aldar.ma\/index.php?rest_route=%2Fwp%2Fv2%2Fcomments&post=7299"}],"version-history":[{"count":1,"href":"https:\/\/es.aldar.ma\/index.php?rest_route=\/wp\/v2\/posts\/7299\/revisions"}],"predecessor-version":[{"id":7301,"href":"https:\/\/es.aldar.ma\/index.php?rest_route=\/wp\/v2\/posts\/7299\/revisions\/7301"}],"wp:featuredmedia":[{"embeddable":true,"href":"https:\/\/es.aldar.ma\/index.php?rest_route=\/wp\/v2\/media\/7300"}],"wp:attachment":[{"href":"https:\/\/es.aldar.ma\/index.php?rest_route=%2Fwp%2Fv2%2Fmedia&parent=7299"}],"wp:term":[{"taxonomy":"category","embeddable":true,"href":"https:\/\/es.aldar.ma\/index.php?rest_route=%2Fwp%2Fv2%2Fcategories&post=7299"},{"taxonomy":"post_tag","embeddable":true,"href":"https:\/\/es.aldar.ma\/index.php?rest_route=%2Fwp%2Fv2%2Ftags&post=7299"}],"curies":[{"name":"wp","href":"https:\/\/api.w.org\/{rel}","templated":true}]}}