{"id":7309,"date":"2026-04-29T22:06:35","date_gmt":"2026-04-29T22:06:35","guid":{"rendered":"https:\/\/es.aldar.ma\/?p=7309"},"modified":"2026-04-29T22:06:35","modified_gmt":"2026-04-29T22:06:35","slug":"christopher-landau-la-asociacion-entre-estados-unidos-y-marruecos-se-remonta-a-250-anos-y-la-autonomia-bajo-soberania-marroqui-es-la-base-de-la-solucion-en-el-sahara","status":"publish","type":"post","link":"https:\/\/es.aldar.ma\/?p=7309","title":{"rendered":"Christopher Landau: la asociaci\u00f3n entre Estados Unidos y Marruecos se remonta a 250 a\u00f1os y la autonom\u00eda bajo soberan\u00eda marroqu\u00ed es la base de la soluci\u00f3n en el S\u00e1hara"},"content":{"rendered":"<p style=\"text-align: justify;\">\n<p style=\"text-align: justify;\">\n<p style=\"text-align: justify;\">\nALDAR\/ Sara El Wakiili<\/p>\n<p style=\"text-align: justify;\">El subsecretario de Estado estadounidense para Asuntos Exteriores, Christopher Landau, afirm\u00f3 desde la capital, Rabat, que la iniciativa de autonom\u00eda presentada por Marruecos constituye el \u00fanico marco serio y realista capaz de alcanzar una soluci\u00f3n justa y duradera al conflicto regional en torno al S\u00e1hara marroqu\u00ed. Al mismo tiempo, reiter\u00f3 el apoyo de su pa\u00eds a la posici\u00f3n del Reino y a su soberan\u00eda sobre sus provincias del sur.<\/p>\n<p style=\"text-align: justify;\">Estas declaraciones se produjeron tras las conversaciones mantenidas con el ministro de Asuntos Exteriores, Cooperaci\u00f3n Africana y Marroqu\u00edes Residentes en el Extranjero, Nasser Bourita, en las que, seg\u00fan Landau, se abordaron diversos asuntos bilaterales, regionales e internacionales en un ambiente descrito como positivo y constructivo. Asimismo, elogi\u00f3 la \u201csabidur\u00eda y eficacia\u201d de la diplomacia marroqu\u00ed en la gesti\u00f3n de las cuestiones regionales.<\/p>\n<p style=\"text-align: justify;\"><img decoding=\"async\" class=\"alignnone  wp-image-7310 lazyload\" data-src=\"http:\/\/es.aldar.ma\/wp-content\/uploads\/2026\/04\/WhatsApp-Image-2026-04-29-at-22.25.24-1-238x300.jpeg\" alt=\"\" width=\"484\" height=\"610\" data-srcset=\"https:\/\/es.aldar.ma\/wp-content\/uploads\/2026\/04\/WhatsApp-Image-2026-04-29-at-22.25.24-1-238x300.jpeg 238w, https:\/\/es.aldar.ma\/wp-content\/uploads\/2026\/04\/WhatsApp-Image-2026-04-29-at-22.25.24-1-813x1024.jpeg 813w, https:\/\/es.aldar.ma\/wp-content\/uploads\/2026\/04\/WhatsApp-Image-2026-04-29-at-22.25.24-1-768x968.jpeg 768w, https:\/\/es.aldar.ma\/wp-content\/uploads\/2026\/04\/WhatsApp-Image-2026-04-29-at-22.25.24-1-1219x1536.jpeg 1219w, https:\/\/es.aldar.ma\/wp-content\/uploads\/2026\/04\/WhatsApp-Image-2026-04-29-at-22.25.24-1-scaled.jpeg 635w\" data-sizes=\"(max-width: 484px) 100vw, 484px\" src=\"data:image\/svg+xml;base64,PHN2ZyB3aWR0aD0iMSIgaGVpZ2h0PSIxIiB4bWxucz0iaHR0cDovL3d3dy53My5vcmcvMjAwMC9zdmciPjwvc3ZnPg==\" style=\"--smush-placeholder-width: 484px; --smush-placeholder-aspect-ratio: 484\/610;\" \/>Landau subray\u00f3 que Estados Unidos considera su asociaci\u00f3n con Marruecos como una relaci\u00f3n estrat\u00e9gica s\u00f3lida y de larga data, cuyas ra\u00edces se remontan a casi 250 a\u00f1os de historia compartida, destacando que este v\u00ednculo hist\u00f3rico constituye una base firme para reforzar la cooperaci\u00f3n entre ambos pa\u00edses en los \u00e1mbitos pol\u00edtico, econ\u00f3mico y de seguridad.<\/p>\n<p style=\"text-align: justify;\">El responsable estadounidense tambi\u00e9n expres\u00f3 su satisfacci\u00f3n por la adhesi\u00f3n de Marruecos a los Acuerdos de Artemis como el miembro n\u00famero 64, un marco destinado a promover la exploraci\u00f3n espacial pac\u00edfica y responsable. Se\u00f1al\u00f3 que esta incorporaci\u00f3n refleja la creciente posici\u00f3n de Marruecos en los \u00e1mbitos de la tecnolog\u00eda, la innovaci\u00f3n y las asociaciones de futuro.<\/p>\n<p style=\"text-align: justify;\">Esta nueva posici\u00f3n de Estados Unidos confirma la continuidad del creciente apoyo internacional a la soberan\u00eda de Marruecos sobre el S\u00e1hara, junto con el retroceso de las tesis separatistas, en un contexto de consolidaci\u00f3n del consenso internacional en torno a la propuesta de autonom\u00eda como \u00fanica soluci\u00f3n viable a este conflicto regional.<\/p>\n","protected":false},"excerpt":{"rendered":"<p>ALDAR\/ Sara El Wakiili El subsecretario de Estado estadounidense para Asuntos Exteriores, Christopher Landau, afirm\u00f3 desde la capital, Rabat, que la iniciativa de autonom\u00eda presentada por Marruecos constituye el \u00fanico marco serio y realista capaz de alcanzar una soluci\u00f3n justa y duradera al conflicto regional en torno al S\u00e1hara marroqu\u00ed. Al mismo tiempo, reiter\u00f3 el &hellip;<\/p>\n","protected":false},"author":3,"featured_media":7311,"comment_status":"open","ping_status":"open","sticky":false,"template":"","format":"standard","meta":{"footnotes":""},"categories":[1029,95,5],"tags":[],"class_list":["post-7309","post","type-post","status-publish","format-standard","has-post-thumbnail","hentry","category-mundo","category-noticias-aldar","category-politica"],"_links":{"self":[{"href":"https:\/\/es.aldar.ma\/index.php?rest_route=\/wp\/v2\/posts\/7309","targetHints":{"allow":["GET"]}}],"collection":[{"href":"https:\/\/es.aldar.ma\/index.php?rest_route=\/wp\/v2\/posts"}],"about":[{"href":"https:\/\/es.aldar.ma\/index.php?rest_route=\/wp\/v2\/types\/post"}],"author":[{"embeddable":true,"href":"https:\/\/es.aldar.ma\/index.php?rest_route=\/wp\/v2\/users\/3"}],"replies":[{"embeddable":true,"href":"https:\/\/es.aldar.ma\/index.php?rest_route=%2Fwp%2Fv2%2Fcomments&post=7309"}],"version-history":[{"count":1,"href":"https:\/\/es.aldar.ma\/index.php?rest_route=\/wp\/v2\/posts\/7309\/revisions"}],"predecessor-version":[{"id":7312,"href":"https:\/\/es.aldar.ma\/index.php?rest_route=\/wp\/v2\/posts\/7309\/revisions\/7312"}],"wp:featuredmedia":[{"embeddable":true,"href":"https:\/\/es.aldar.ma\/index.php?rest_route=\/wp\/v2\/media\/7311"}],"wp:attachment":[{"href":"https:\/\/es.aldar.ma\/index.php?rest_route=%2Fwp%2Fv2%2Fmedia&parent=7309"}],"wp:term":[{"taxonomy":"category","embeddable":true,"href":"https:\/\/es.aldar.ma\/index.php?rest_route=%2Fwp%2Fv2%2Fcategories&post=7309"},{"taxonomy":"post_tag","embeddable":true,"href":"https:\/\/es.aldar.ma\/index.php?rest_route=%2Fwp%2Fv2%2Ftags&post=7309"}],"curies":[{"name":"wp","href":"https:\/\/api.w.org\/{rel}","templated":true}]}}