{"id":7318,"date":"2026-04-30T14:26:40","date_gmt":"2026-04-30T14:26:40","guid":{"rendered":"https:\/\/es.aldar.ma\/?p=7318"},"modified":"2026-04-30T14:26:49","modified_gmt":"2026-04-30T14:26:49","slug":"alemania-reafirmo-la-centralidad-de-la-autonomia-bajo-soberania-marroqui-en-relacion-con-la-cuestion-del-sahara-y-se-propone-actuar-conforme-a-esta-posicion-en-los-planos-diplomatico-y-economico","status":"publish","type":"post","link":"https:\/\/es.aldar.ma\/?p=7318","title":{"rendered":"Alemania reafirm\u00f3 la centralidad de la autonom\u00eda bajo soberan\u00eda marroqu\u00ed en relaci\u00f3n con la cuesti\u00f3n del S\u00e1hara y se propone actuar conforme a esta posici\u00f3n en los planos diplom\u00e1tico y econ\u00f3mico"},"content":{"rendered":"<div class=\"actu-detail-article_header mb-2\">\n<div class=\"article-title\">\n<div class=\"txt-wrapper text-justify\"><\/div>\n<\/div>\n<\/div>\n<div class=\"actu-detail-article_txt img-fluid\">\n<div class=\"actu-detail-article p-m br-5\">\n<div class=\"actu-detail-article_txt img-fluid concour-interne\">\n<div class=\"field field--name-body field--type-text-with-summary field--label-hidden field__item\">\n<p class=\"text-align-justify\">Esta posici\u00f3n fue expresada en la declaraci\u00f3n conjunta adoptada al t\u00e9rmino de la segunda sesi\u00f3n del Di\u00e1logo estrat\u00e9gico multidimensional Marruecos-Alemania, celebrada el jueves en Rabat, entre el ministro de Asuntos Exteriores, Cooperaci\u00f3n Africana y Marroqu\u00edes Residentes en el Extranjero, Sr. Nasser Bourita, y su hom\u00f3logo alem\u00e1n, Sr. Johann Wadephul.<\/p>\n<p>La Rep\u00fablica Federal de Alemania tambi\u00e9n salud\u00f3 la resoluci\u00f3n 2797 adoptada por el Consejo de Seguridad de las Naciones Unidas el 31 de octubre de 2025, afirmando que una \u201caut\u00e9ntica autonom\u00eda bajo soberan\u00eda marroqu\u00ed podr\u00eda representar la soluci\u00f3n m\u00e1s factible\u201d al diferendo regional sobre el S\u00e1hara marroqu\u00ed.<\/p>\n<p>Alemania reafirm\u00f3 asimismo la centralidad de la Iniciativa de autonom\u00eda presentada por el Reino de Marruecos, declarando adem\u00e1s que considera el plan de autonom\u00eda presentado por Marruecos \u201ccomo una base seria y cre\u00edble para las negociaciones\u201d con vistas a alcanzar una soluci\u00f3n justa, duradera y mutuamente aceptable a este diferendo regional.<\/p>\n<p>Al reiterar su pleno apoyo al secretario general de las Naciones Unidas y a su enviado personal en la direcci\u00f3n y facilitaci\u00f3n de las negociaciones \u201csobre la base del plan marroqu\u00ed de autonom\u00eda\u201d, Alemania elogi\u00f3 la disposici\u00f3n de Marruecos a \u201cexplicar la forma que adoptar\u00eda la autonom\u00eda bajo soberan\u00eda marroqu\u00ed\u201d, precisa el documento conjunto.<\/p>\n<p>Por \u00faltimo, Alemania se comprometi\u00f3, en los t\u00e9rminos de la misma declaraci\u00f3n conjunta, a \u201cactuar conforme a esta posici\u00f3n en los planos diplom\u00e1tico y econ\u00f3mico\u201d, en respeto del Derecho Internacional, concluye el texto.<\/p>\n<\/div>\n<\/div>\n<\/div>\n<\/div>\n","protected":false},"excerpt":{"rendered":"<p>Esta posici\u00f3n fue expresada en la declaraci\u00f3n conjunta adoptada al t\u00e9rmino de la segunda sesi\u00f3n del Di\u00e1logo estrat\u00e9gico multidimensional Marruecos-Alemania, celebrada el jueves en Rabat, entre el ministro de Asuntos Exteriores, Cooperaci\u00f3n Africana y Marroqu\u00edes Residentes en el Extranjero, Sr. Nasser Bourita, y su hom\u00f3logo alem\u00e1n, Sr. Johann Wadephul. La Rep\u00fablica Federal de Alemania tambi\u00e9n &hellip;<\/p>\n","protected":false},"author":3,"featured_media":7319,"comment_status":"open","ping_status":"open","sticky":false,"template":"","format":"standard","meta":{"footnotes":""},"categories":[95,5],"tags":[],"class_list":["post-7318","post","type-post","status-publish","format-standard","has-post-thumbnail","hentry","category-noticias-aldar","category-politica"],"_links":{"self":[{"href":"https:\/\/es.aldar.ma\/index.php?rest_route=\/wp\/v2\/posts\/7318","targetHints":{"allow":["GET"]}}],"collection":[{"href":"https:\/\/es.aldar.ma\/index.php?rest_route=\/wp\/v2\/posts"}],"about":[{"href":"https:\/\/es.aldar.ma\/index.php?rest_route=\/wp\/v2\/types\/post"}],"author":[{"embeddable":true,"href":"https:\/\/es.aldar.ma\/index.php?rest_route=\/wp\/v2\/users\/3"}],"replies":[{"embeddable":true,"href":"https:\/\/es.aldar.ma\/index.php?rest_route=%2Fwp%2Fv2%2Fcomments&post=7318"}],"version-history":[{"count":2,"href":"https:\/\/es.aldar.ma\/index.php?rest_route=\/wp\/v2\/posts\/7318\/revisions"}],"predecessor-version":[{"id":7321,"href":"https:\/\/es.aldar.ma\/index.php?rest_route=\/wp\/v2\/posts\/7318\/revisions\/7321"}],"wp:featuredmedia":[{"embeddable":true,"href":"https:\/\/es.aldar.ma\/index.php?rest_route=\/wp\/v2\/media\/7319"}],"wp:attachment":[{"href":"https:\/\/es.aldar.ma\/index.php?rest_route=%2Fwp%2Fv2%2Fmedia&parent=7318"}],"wp:term":[{"taxonomy":"category","embeddable":true,"href":"https:\/\/es.aldar.ma\/index.php?rest_route=%2Fwp%2Fv2%2Fcategories&post=7318"},{"taxonomy":"post_tag","embeddable":true,"href":"https:\/\/es.aldar.ma\/index.php?rest_route=%2Fwp%2Fv2%2Ftags&post=7318"}],"curies":[{"name":"wp","href":"https:\/\/api.w.org\/{rel}","templated":true}]}}