{"id":7322,"date":"2026-04-30T14:45:08","date_gmt":"2026-04-30T14:45:08","guid":{"rendered":"https:\/\/es.aldar.ma\/?p=7322"},"modified":"2026-04-30T14:45:08","modified_gmt":"2026-04-30T14:45:08","slug":"alemania-reafirma-su-apoyo-a-la-iniciativa-marroqui-de-autonomia-en-el-sahara-y-se-compromete-a-traducir-su-posicion-en-acciones-diplomaticas-y-economicas","status":"publish","type":"post","link":"https:\/\/es.aldar.ma\/?p=7322","title":{"rendered":"Alemania reafirma su apoyo a la iniciativa marroqu\u00ed de autonom\u00eda en el S\u00e1hara y se compromete a traducir su posici\u00f3n en acciones diplom\u00e1ticas y econ\u00f3micas"},"content":{"rendered":"<p>&nbsp;<\/p>\n<p>&nbsp;<\/p>\n<p>ALDAR\/ Imane Alaoui<\/p>\n<p>Alemania ha renovado su respaldo al car\u00e1cter \u201ccentral\u201d de la iniciativa de autonom\u00eda propuesta por Marruecos, consider\u00e1ndola el marco m\u00e1s serio y realista para la resoluci\u00f3n de este conflicto regional. Berl\u00edn ha anunciado adem\u00e1s su compromiso de traducir esta posici\u00f3n en acciones concretas tanto en el plano diplom\u00e1tico como econ\u00f3mico.<\/p>\n<p><img decoding=\"async\" class=\"alignnone size-medium wp-image-7323 lazyload\" data-src=\"http:\/\/es.aldar.ma\/wp-content\/uploads\/2026\/04\/WhatsApp-Image-2026-04-30-at-15.30.08-2-300x200.jpeg\" alt=\"\" width=\"300\" height=\"200\" data-srcset=\"https:\/\/es.aldar.ma\/wp-content\/uploads\/2026\/04\/WhatsApp-Image-2026-04-30-at-15.30.08-2-300x200.jpeg 300w, https:\/\/es.aldar.ma\/wp-content\/uploads\/2026\/04\/WhatsApp-Image-2026-04-30-at-15.30.08-2-1024x682.jpeg 1024w, https:\/\/es.aldar.ma\/wp-content\/uploads\/2026\/04\/WhatsApp-Image-2026-04-30-at-15.30.08-2-768x512.jpeg 768w, https:\/\/es.aldar.ma\/wp-content\/uploads\/2026\/04\/WhatsApp-Image-2026-04-30-at-15.30.08-2-scaled.jpeg 800w\" data-sizes=\"(max-width: 300px) 100vw, 300px\" src=\"data:image\/svg+xml;base64,PHN2ZyB3aWR0aD0iMSIgaGVpZ2h0PSIxIiB4bWxucz0iaHR0cDovL3d3dy53My5vcmcvMjAwMC9zdmciPjwvc3ZnPg==\" style=\"--smush-placeholder-width: 300px; --smush-placeholder-aspect-ratio: 300\/200;\" \/> <img decoding=\"async\" class=\"alignnone size-medium wp-image-7324 lazyload\" data-src=\"http:\/\/es.aldar.ma\/wp-content\/uploads\/2026\/04\/WhatsApp-Image-2026-04-30-at-15.30.08-1-300x200.jpeg\" alt=\"\" width=\"300\" height=\"200\" data-srcset=\"https:\/\/es.aldar.ma\/wp-content\/uploads\/2026\/04\/WhatsApp-Image-2026-04-30-at-15.30.08-1-300x200.jpeg 300w, https:\/\/es.aldar.ma\/wp-content\/uploads\/2026\/04\/WhatsApp-Image-2026-04-30-at-15.30.08-1-1024x682.jpeg 1024w, https:\/\/es.aldar.ma\/wp-content\/uploads\/2026\/04\/WhatsApp-Image-2026-04-30-at-15.30.08-1-768x512.jpeg 768w, https:\/\/es.aldar.ma\/wp-content\/uploads\/2026\/04\/WhatsApp-Image-2026-04-30-at-15.30.08-1-scaled.jpeg 800w\" data-sizes=\"(max-width: 300px) 100vw, 300px\" src=\"data:image\/svg+xml;base64,PHN2ZyB3aWR0aD0iMSIgaGVpZ2h0PSIxIiB4bWxucz0iaHR0cDovL3d3dy53My5vcmcvMjAwMC9zdmciPjwvc3ZnPg==\" style=\"--smush-placeholder-width: 300px; --smush-placeholder-aspect-ratio: 300\/200;\" \/><\/p>\n<p>Esta postura qued\u00f3 reflejada en una declaraci\u00f3n conjunta publicada tras la segunda sesi\u00f3n del di\u00e1logo estrat\u00e9gico multidimensional entre Marruecos y Alemania, celebrada el jueves en Rabat, en la que participaron el ministro de Asuntos Exteriores, Cooperaci\u00f3n Africana y Marroqu\u00edes Residentes en el Extranjero, Nasser Bourita, y su hom\u00f3logo alem\u00e1n Johann Wadephul.<\/p>\n<p>Seg\u00fan el comunicado, Berl\u00edn acogi\u00f3 con satisfacci\u00f3n la Resoluci\u00f3n 2797 del Consejo de Seguridad de las Naciones Unidas, adoptada el 31 de octubre de 2025, al considerar que \u201cuna autonom\u00eda genuina bajo soberan\u00eda marroqu\u00ed podr\u00eda constituir la soluci\u00f3n m\u00e1s viable\u201d a este conflicto regional.<\/p>\n<p>En la misma l\u00ednea, Alemania reiter\u00f3 que la iniciativa de autonom\u00eda presentada por Marruecos sigue siendo una \u201cbase seria y cre\u00edble\u201d sobre la cual pueden desarrollarse las negociaciones, con el objetivo de alcanzar una soluci\u00f3n \u201cjusta, duradera y mutuamente aceptable\u201d. Asimismo, subray\u00f3 la centralidad de esta propuesta en cualquier futuro proceso pol\u00edtico.<\/p>\n<p>El comunicado conjunto se\u00f1ala igualmente que Alemania reafirm\u00f3 su pleno apoyo a los esfuerzos del Secretario General de la ONU y de su Enviado Personal para facilitar y conducir las negociaciones, insistiendo en que este proceso debe basarse en la propuesta marroqu\u00ed de autonom\u00eda. Seg\u00fan observadores, ello refleja una creciente convergencia de posiciones internacionales en favor de este enfoque.<\/p>\n<p>En un desarrollo significativo, Berl\u00edn expres\u00f3 su disposici\u00f3n a contribuir a la clarificaci\u00f3n del modelo pr\u00e1ctico que podr\u00eda adoptar la autonom\u00eda bajo soberan\u00eda marroqu\u00ed, lo que abre la puerta a una mejor comprensi\u00f3n internacional del contenido de la iniciativa.<\/p>\n<p>El comunicado concluye reafirmando el compromiso de Alemania de \u201cactuar conforme a esta posici\u00f3n en los planos diplom\u00e1tico y econ\u00f3mico, respetando el derecho internacional\u201d, lo que sugiere posibles repercusiones en la din\u00e1mica de cooperaci\u00f3n entre Rabat y Berl\u00edn en diversos \u00e1mbitos.<\/p>\n<p>Este avance se interpreta como un refuerzo adicional de la posici\u00f3n de Marruecos en el \u00e1mbito europeo y como una consolidaci\u00f3n del creciente apoyo internacional a la iniciativa de autonom\u00eda, considerada la soluci\u00f3n m\u00e1s realista para poner fin a este conflicto regional de larga duraci\u00f3n.<\/p>\n","protected":false},"excerpt":{"rendered":"<p>&nbsp; &nbsp; ALDAR\/ Imane Alaoui Alemania ha renovado su respaldo al car\u00e1cter \u201ccentral\u201d de la iniciativa de autonom\u00eda propuesta por Marruecos, consider\u00e1ndola el marco m\u00e1s serio y realista para la resoluci\u00f3n de este conflicto regional. Berl\u00edn ha anunciado adem\u00e1s su compromiso de traducir esta posici\u00f3n en acciones concretas tanto en el plano diplom\u00e1tico como econ\u00f3mico. &hellip;<\/p>\n","protected":false},"author":3,"featured_media":7319,"comment_status":"open","ping_status":"open","sticky":false,"template":"","format":"standard","meta":{"footnotes":""},"categories":[1029,95],"tags":[],"class_list":["post-7322","post","type-post","status-publish","format-standard","has-post-thumbnail","hentry","category-mundo","category-noticias-aldar"],"_links":{"self":[{"href":"https:\/\/es.aldar.ma\/index.php?rest_route=\/wp\/v2\/posts\/7322","targetHints":{"allow":["GET"]}}],"collection":[{"href":"https:\/\/es.aldar.ma\/index.php?rest_route=\/wp\/v2\/posts"}],"about":[{"href":"https:\/\/es.aldar.ma\/index.php?rest_route=\/wp\/v2\/types\/post"}],"author":[{"embeddable":true,"href":"https:\/\/es.aldar.ma\/index.php?rest_route=\/wp\/v2\/users\/3"}],"replies":[{"embeddable":true,"href":"https:\/\/es.aldar.ma\/index.php?rest_route=%2Fwp%2Fv2%2Fcomments&post=7322"}],"version-history":[{"count":1,"href":"https:\/\/es.aldar.ma\/index.php?rest_route=\/wp\/v2\/posts\/7322\/revisions"}],"predecessor-version":[{"id":7325,"href":"https:\/\/es.aldar.ma\/index.php?rest_route=\/wp\/v2\/posts\/7322\/revisions\/7325"}],"wp:featuredmedia":[{"embeddable":true,"href":"https:\/\/es.aldar.ma\/index.php?rest_route=\/wp\/v2\/media\/7319"}],"wp:attachment":[{"href":"https:\/\/es.aldar.ma\/index.php?rest_route=%2Fwp%2Fv2%2Fmedia&parent=7322"}],"wp:term":[{"taxonomy":"category","embeddable":true,"href":"https:\/\/es.aldar.ma\/index.php?rest_route=%2Fwp%2Fv2%2Fcategories&post=7322"},{"taxonomy":"post_tag","embeddable":true,"href":"https:\/\/es.aldar.ma\/index.php?rest_route=%2Fwp%2Fv2%2Ftags&post=7322"}],"curies":[{"name":"wp","href":"https:\/\/api.w.org\/{rel}","templated":true}]}}