{"id":7326,"date":"2026-04-30T17:44:40","date_gmt":"2026-04-30T17:44:40","guid":{"rendered":"https:\/\/es.aldar.ma\/?p=7326"},"modified":"2026-04-30T17:44:40","modified_gmt":"2026-04-30T17:44:40","slug":"el-reino-de-marruecos-y-la-republica-federal-de-alemania-han-reafirmado-en-rabat-su-compromiso-comun-de-reforzar-aun-mas-su-asociacion-estrategica-multidimensional-con-motivo-del-70-o-aniversario-d","status":"publish","type":"post","link":"https:\/\/es.aldar.ma\/?p=7326","title":{"rendered":"El Reino de Marruecos y la Rep\u00fablica Federal de Alemania han reafirmado, en Rabat, su compromiso com\u00fan de reforzar a\u00fan m\u00e1s su asociaci\u00f3n estrat\u00e9gica multidimensional, con motivo del 70.\u00ba aniversario de las relaciones diplom\u00e1ticas."},"content":{"rendered":"<div class=\"actu-detail-article_header mb-2\">\n<div class=\"article-title\">\n<div class=\"txt-wrapper text-justify\"><\/div>\n<\/div>\n<\/div>\n<div class=\"actu-detail-article_txt img-fluid\">\n<div class=\"actu-detail-article p-m br-5\">\n<div class=\"actu-detail-article_txt img-fluid concour-interne\">\n<div class=\"field field--name-body field--type-text-with-summary field--label-hidden field__item\">\n<p class=\"text-align-justify\">En la declaraci\u00f3n conjunta adoptada al t\u00e9rmino de la segunda sesi\u00f3n del Di\u00e1logo Estrat\u00e9gico Multidimensional Marruecos-Alemania, celebrada este jueves entre el ministro de Asuntos Exteriores, Cooperaci\u00f3n Africana y Marroqu\u00edes Residentes en el Extranjero, Sr. Nasser Bourita, y su hom\u00f3logo alem\u00e1n, Sr. Johann Wadephul, ambas partes se felicitaron por la excelencia de las relaciones bilaterales y por la din\u00e1mica positiva registrada desde la primera sesi\u00f3n celebrada en junio de 2024 en Berl\u00edn, destacando los avances logrados en la aplicaci\u00f3n de la agenda conjunta.<\/p>\n<p>Los ministros remarcaron la importancia de consolidar la cooperaci\u00f3n en los \u00e1mbitos pol\u00edtico, econ\u00f3mico, social, cultural y de seguridad, explorando al mismo tiempo nuevas oportunidades de colaboraci\u00f3n mutuamente beneficiosas, basadas en la confianza y el respeto mutuo. En el \u00e1mbito econ\u00f3mico, ambas partes celebraron el crecimiento sostenido del comercio y el elevado nivel de inversiones, antes de poner de relieve las perspectivas prometedoras en los sectores de la transici\u00f3n energ\u00e9tica, en particular el hidr\u00f3geno verde, as\u00ed como en las infraestructuras, la econom\u00eda circular y la digitalizaci\u00f3n.<\/p>\n<p>Ambos ministros se felicitaron por el elevado nivel de inversiones alemanas y por el compromiso significativo del sector privado alem\u00e1n en Marruecos, especialmente en los sectores de la automoci\u00f3n, la aeron\u00e1utica, la industria farmac\u00e9utica y el sector digital. Subrayaron las oportunidades que ofrecen el hidr\u00f3geno renovable y la transici\u00f3n energ\u00e9tica, as\u00ed como las infraestructuras y la econom\u00eda circular. Los dos responsables reafirmaron su compromiso de seguir desarrollando las relaciones comerciales y de inversi\u00f3n, y animaron a los agentes econ\u00f3micos a aprovechar las oportunidades existentes y a explorar otras nuevas. Insistieron en el importante potencial de inversi\u00f3n de Marruecos y en su participaci\u00f3n en la iniciativa \u00abPacto con \u00c1frica\u00bb del G20.<\/p>\n<p>En el \u00e1mbito comercial, los dos ministros de Asuntos Exteriores elogiaron la notable din\u00e1mica de los intercambios comerciales entre Alemania y Marruecos, caracterizados por un crecimiento sin precedentes y una balanza comercial equilibrada. Se felicitaron por el continuo fortalecimiento de la asociaci\u00f3n econ\u00f3mica bilateral y por el creciente peso del Reino entre los socios comerciales de Alemania. Ambos ministros destacaron, a este respecto, la importancia de la Comisi\u00f3n Econ\u00f3mica Mixta Bilateral. Estos foros econ\u00f3micos marroqu\u00ed-alemanes regulares constituir\u00e1n una plataforma esencial que reunir\u00e1 a los actores p\u00fablicos y privados de ambos pa\u00edses, con el objetivo de reforzar las alianzas industriales, facilitar los intercambios comerciales, promover las inversiones cruzadas y apoyar los proyectos estrat\u00e9gicos, en particular en los \u00e1mbitos de la industria, las cadenas de valor integradas, las energ\u00edas renovables y el hidr\u00f3geno, as\u00ed como la digitalizaci\u00f3n, incluida la inteligencia artificial. Tambi\u00e9n podr\u00e1n contribuir a identificar nuevas oportunidades de cooperaci\u00f3n de alto valor a\u00f1adido.<\/p>\n<p>En lo que respecta a la cooperaci\u00f3n para el desarrollo, ambos ministros reiteraron su inter\u00e9s en proseguir la cooperaci\u00f3n triangular, como el proyecto Femmpact, y la cooperaci\u00f3n Sur-Sur en beneficio del continente africano, bas\u00e1ndose en las experiencias adquiridas en el marco de la cooperaci\u00f3n marroqu\u00ed-alemana y continuando con la ejecuci\u00f3n de los proyectos en curso, as\u00ed como explorando la posibilidad de ampliarlos a otros pa\u00edses africanos. Los dos pa\u00edses tambi\u00e9n hicieron hincapi\u00e9 en la importancia de reforzar la participaci\u00f3n de los agentes econ\u00f3micos y territoriales, as\u00ed como en su compromiso com\u00fan con el desarrollo sostenible y la cooperaci\u00f3n en \u00c1frica.<\/p>\n<p>En el \u00e1mbito del medio ambiente, ambos responsables reafirmaron su compromiso de promover un esfuerzo internacional ambicioso para luchar contra el cambio clim\u00e1tico y sus efectos, con el objetivo de reforzar la resiliencia para un futuro sostenible y pr\u00f3spero, en particular mediante la cooperaci\u00f3n en los \u00e1mbitos de la restauraci\u00f3n de bosques y la adaptaci\u00f3n al cambio clim\u00e1tico, as\u00ed como en los de las energ\u00edas renovables, la eficiencia energ\u00e9tica y la producci\u00f3n de hidr\u00f3geno verde. Este esfuerzo permitir\u00e1 reforzar los intercambios sobre diplomacia clim\u00e1tica de cara a la pr\u00f3xima COP. En el \u00e1mbito agr\u00edcola, ambas partes acordaron desarrollar las relaciones comerciales agr\u00edcolas bilaterales, aprovechar el potencial de cooperaci\u00f3n en los \u00e1mbitos de las tecnolog\u00edas agr\u00edcolas, la innovaci\u00f3n y la digitalizaci\u00f3n, y continuar los trabajos fruct\u00edferos del grupo de trabajo interministerial de alto nivel sobre alimentaci\u00f3n y agricultura. Asimismo, acordaron continuar la cooperaci\u00f3n entre las instituciones de investigaci\u00f3n y las autoridades, y se felicitaron por el programa de cooperaci\u00f3n bilateral existente en materia de agricultura ecol\u00f3gica y cooperativas, consider\u00e1ndolo un enfoque global para una agricultura resiliente y sostenible.<\/p>\n<p>En lo que respecta a la cooperaci\u00f3n cultural, los dos ministros se congratularon de la firma, en enero de 2026 en Rabat, del acuerdo de colaboraci\u00f3n entre la Fundaci\u00f3n Nacional de Museos y la Fundaci\u00f3n del Patrimonio Cultural Prusiano, lo que supone un refuerzo de la cooperaci\u00f3n cultural entre Marruecos y Alemania en los \u00e1mbitos cient\u00edfico, educativo y cultural, y que define un marco general de colaboraci\u00f3n basado en una visi\u00f3n com\u00fan del patrimonio como palanca para el di\u00e1logo intercultural, el intercambio de conocimientos y el desarrollo sostenible. Ambos ministros reafirmaron la importancia de promover la cooperaci\u00f3n bilateral en los \u00e1mbitos cultural, religioso y universitario, de reforzar las relaciones interpersonales y de aumentar el n\u00famero de estudiantes marroqu\u00edes matriculados en centros de ense\u00f1anza superior alemanes, en particular gracias a las iniciativas pertinentes de la UE.<\/p>\n<\/div>\n<\/div>\n<\/div>\n<\/div>\n","protected":false},"excerpt":{"rendered":"<p>En la declaraci\u00f3n conjunta adoptada al t\u00e9rmino de la segunda sesi\u00f3n del Di\u00e1logo Estrat\u00e9gico Multidimensional Marruecos-Alemania, celebrada este jueves entre el ministro de Asuntos Exteriores, Cooperaci\u00f3n Africana y Marroqu\u00edes Residentes en el Extranjero, Sr. Nasser Bourita, y su hom\u00f3logo alem\u00e1n, Sr. Johann Wadephul, ambas partes se felicitaron por la excelencia de las relaciones bilaterales y &hellip;<\/p>\n","protected":false},"author":3,"featured_media":7323,"comment_status":"open","ping_status":"open","sticky":false,"template":"","format":"standard","meta":{"footnotes":""},"categories":[95,5],"tags":[],"class_list":["post-7326","post","type-post","status-publish","format-standard","has-post-thumbnail","hentry","category-noticias-aldar","category-politica"],"_links":{"self":[{"href":"https:\/\/es.aldar.ma\/index.php?rest_route=\/wp\/v2\/posts\/7326","targetHints":{"allow":["GET"]}}],"collection":[{"href":"https:\/\/es.aldar.ma\/index.php?rest_route=\/wp\/v2\/posts"}],"about":[{"href":"https:\/\/es.aldar.ma\/index.php?rest_route=\/wp\/v2\/types\/post"}],"author":[{"embeddable":true,"href":"https:\/\/es.aldar.ma\/index.php?rest_route=\/wp\/v2\/users\/3"}],"replies":[{"embeddable":true,"href":"https:\/\/es.aldar.ma\/index.php?rest_route=%2Fwp%2Fv2%2Fcomments&post=7326"}],"version-history":[{"count":1,"href":"https:\/\/es.aldar.ma\/index.php?rest_route=\/wp\/v2\/posts\/7326\/revisions"}],"predecessor-version":[{"id":7327,"href":"https:\/\/es.aldar.ma\/index.php?rest_route=\/wp\/v2\/posts\/7326\/revisions\/7327"}],"wp:featuredmedia":[{"embeddable":true,"href":"https:\/\/es.aldar.ma\/index.php?rest_route=\/wp\/v2\/media\/7323"}],"wp:attachment":[{"href":"https:\/\/es.aldar.ma\/index.php?rest_route=%2Fwp%2Fv2%2Fmedia&parent=7326"}],"wp:term":[{"taxonomy":"category","embeddable":true,"href":"https:\/\/es.aldar.ma\/index.php?rest_route=%2Fwp%2Fv2%2Fcategories&post=7326"},{"taxonomy":"post_tag","embeddable":true,"href":"https:\/\/es.aldar.ma\/index.php?rest_route=%2Fwp%2Fv2%2Ftags&post=7326"}],"curies":[{"name":"wp","href":"https:\/\/api.w.org\/{rel}","templated":true}]}}