{"id":7328,"date":"2026-04-30T18:15:21","date_gmt":"2026-04-30T18:15:21","guid":{"rendered":"https:\/\/es.aldar.ma\/?p=7328"},"modified":"2026-04-30T18:15:21","modified_gmt":"2026-04-30T18:15:21","slug":"alemania-elogia-las-reformas-emprendidas-bajo-el-liderazgo-de-su-majestad-el-rey-mohammed-vi-y-su-papel-en-favor-de-la-estabilidad-regional","status":"publish","type":"post","link":"https:\/\/es.aldar.ma\/?p=7328","title":{"rendered":"Alemania elogia las reformas emprendidas bajo el Liderazgo de Su Majestad el Rey Mohammed VI y Su papel en favor de la estabilidad regional"},"content":{"rendered":"<div class=\"node-tpl-ville-accroche\" style=\"text-align: justify;\">El ministro alem\u00e1n de Asuntos Exteriores, Johann Wadephul, ha elogiado las reformas emprendidas por el Reino de Marruecos, bajo el Liderazgo de Su Majestad el Rey Mohammed VI, que Dios le asista, destacando su notable contribuci\u00f3n al desarrollo pol\u00edtico, econ\u00f3mico y social del pa\u00eds.<\/div>\n<div class=\"node-wrapper-img-corps\">\n<div class=\"node-tpl-image-legende\" style=\"text-align: justify;\">\n<div class=\"img\">\n<div class=\"field field-name-field-image field-type-image field-label-hidden\">\n<div class=\"field-items\">\n<div class=\"field-item even\"><\/div>\n<\/div>\n<\/div>\n<\/div>\n<\/div>\n<div class=\"node-tpl-corps\">\n<p style=\"text-align: justify;\">En la declaraci\u00f3n conjunta adoptada al t\u00e9rmino de la segunda sesi\u00f3n del Di\u00e1logo Estrat\u00e9gico Multidimensional Marruecos-Alemania, celebrada este jueves en Rabat entre el ministro de Asuntos Exteriores, Cooperaci\u00f3n Africana y Marroqu\u00edes Residentes en el Extranjero, Nasser Bourita, y su hom\u00f3logo alem\u00e1n, Alemania tambi\u00e9n destac\u00f3 los avances logrados en el marco del Nuevo Modelo de Desarrollo, cuyos beneficios redundan en favor de todos los ciudadanos marroqu\u00edes.<\/p>\n<p style=\"text-align: justify;\">El jefe de la diplomacia alemana destac\u00f3, adem\u00e1s, el papel activo y constructivo de Marruecos, bajo el Liderazgo de Su Majestad el Rey Mohammed VI, en la promoci\u00f3n de la paz y la estabilidad a nivel regional e internacional. En este sentido, elogi\u00f3 el compromiso personal del Soberano, en Su calidad de presidente del Comit\u00e9 Al-Quds, as\u00ed como las iniciativas Reales en favor del desarrollo del continente africano.<\/p>\n<p style=\"text-align: justify;\">Por otra parte, ha subrayado que Marruecos, bajo la direcci\u00f3n de Su Majestad el Rey Mohammed VI, que Dios le asista, es un socio estrat\u00e9gico de primer orden para la Uni\u00f3n Europea, la OTAN y Alemania en \u00c1frica. El Reino es considerado, as\u00ed, un nexo esencial entre el Norte y el Sur, gracias a su papel activo y a su significativa contribuci\u00f3n a la estabilidad regional y a la cooperaci\u00f3n internacional.<\/p>\n<p style=\"text-align: justify;\">El ministro de Asuntos Exteriores alem\u00e1n, Johann Wadephul, tambi\u00e9n elogi\u00f3 los continuos esfuerzos del Reino en la lucha contra el terrorismo y la inmigraci\u00f3n irregular.<\/p>\n<\/div>\n<\/div>\n","protected":false},"excerpt":{"rendered":"<p>El ministro alem\u00e1n de Asuntos Exteriores, Johann Wadephul, ha elogiado las reformas emprendidas por el Reino de Marruecos, bajo el Liderazgo de Su Majestad el Rey Mohammed VI, que Dios le asista, destacando su notable contribuci\u00f3n al desarrollo pol\u00edtico, econ\u00f3mico y social del pa\u00eds. En la declaraci\u00f3n conjunta adoptada al t\u00e9rmino de la segunda sesi\u00f3n &hellip;<\/p>\n","protected":false},"author":3,"featured_media":7329,"comment_status":"open","ping_status":"open","sticky":false,"template":"","format":"standard","meta":{"footnotes":""},"categories":[95,5],"tags":[],"class_list":["post-7328","post","type-post","status-publish","format-standard","has-post-thumbnail","hentry","category-noticias-aldar","category-politica"],"_links":{"self":[{"href":"https:\/\/es.aldar.ma\/index.php?rest_route=\/wp\/v2\/posts\/7328","targetHints":{"allow":["GET"]}}],"collection":[{"href":"https:\/\/es.aldar.ma\/index.php?rest_route=\/wp\/v2\/posts"}],"about":[{"href":"https:\/\/es.aldar.ma\/index.php?rest_route=\/wp\/v2\/types\/post"}],"author":[{"embeddable":true,"href":"https:\/\/es.aldar.ma\/index.php?rest_route=\/wp\/v2\/users\/3"}],"replies":[{"embeddable":true,"href":"https:\/\/es.aldar.ma\/index.php?rest_route=%2Fwp%2Fv2%2Fcomments&post=7328"}],"version-history":[{"count":1,"href":"https:\/\/es.aldar.ma\/index.php?rest_route=\/wp\/v2\/posts\/7328\/revisions"}],"predecessor-version":[{"id":7330,"href":"https:\/\/es.aldar.ma\/index.php?rest_route=\/wp\/v2\/posts\/7328\/revisions\/7330"}],"wp:featuredmedia":[{"embeddable":true,"href":"https:\/\/es.aldar.ma\/index.php?rest_route=\/wp\/v2\/media\/7329"}],"wp:attachment":[{"href":"https:\/\/es.aldar.ma\/index.php?rest_route=%2Fwp%2Fv2%2Fmedia&parent=7328"}],"wp:term":[{"taxonomy":"category","embeddable":true,"href":"https:\/\/es.aldar.ma\/index.php?rest_route=%2Fwp%2Fv2%2Fcategories&post=7328"},{"taxonomy":"post_tag","embeddable":true,"href":"https:\/\/es.aldar.ma\/index.php?rest_route=%2Fwp%2Fv2%2Ftags&post=7328"}],"curies":[{"name":"wp","href":"https:\/\/api.w.org\/{rel}","templated":true}]}}