{"id":7333,"date":"2026-04-30T18:56:48","date_gmt":"2026-04-30T18:56:48","guid":{"rendered":"https:\/\/es.aldar.ma\/?p=7333"},"modified":"2026-04-30T18:56:48","modified_gmt":"2026-04-30T18:56:48","slug":"la-embajadora-de-china-en-rabat-nuestras-peliculas-son-una-ventana-a-nuestra-historia-y-la-semana-del-cine-chino-apoya-la-cooperacion-cultural-entre-ambos-paises","status":"publish","type":"post","link":"https:\/\/es.aldar.ma\/?p=7333","title":{"rendered":"La embajadora de China en Rabat: \u201cNuestras pel\u00edculas son una ventana a nuestra historia y la Semana del Cine Chino apoya la cooperaci\u00f3n cultural entre ambos pa\u00edses\u201d"},"content":{"rendered":"<p>&nbsp;<\/p>\n<p>ALDAR\/<\/p>\n<p>La Semana del Cine Chino fue inaugurada en el cine Renaissance de Rabat, organizada por el Centro Cultural Chino en Rabat del 29 de abril al 4 de mayo, en colaboraci\u00f3n con la Cinemateca China.<\/p>\n<p>La ceremonia de apertura cont\u00f3 con la presencia de la embajadora de la Rep\u00fablica Popular China en Rabat, Yu Jinsong, quien declar\u00f3 en una entrevista concedida al sitio \u201cALDAR\u201d que el cine es un arte capaz de reunir culturas y lenguas.<\/p>\n<p>Subray\u00f3 que la Semana del Cine Chino constituye una plataforma importante de intercambio, di\u00e1logo y acercamiento entre los pueblos.<\/p>\n<p>La embajadora a\u00f1adi\u00f3 que este evento ofrece al p\u00fablico marroqu\u00ed la oportunidad de conocer de cerca aspectos de la vida cotidiana en China, explorar su historia y destacar las experiencias de los chinos en su b\u00fasqueda por alcanzar sus sue\u00f1os.<\/p>\n<p>Asimismo, expres\u00f3 su esperanza de que esta iniciativa contribuya a fortalecer la cooperaci\u00f3n bilateral en el \u00e1mbito de la producci\u00f3n audiovisual, desarrollar programas de formaci\u00f3n de talentos, as\u00ed como apoyar y promover las industrias culturales en ambos pa\u00edses en los pr\u00f3ximos a\u00f1os.<\/p>\n<p>Cabe se\u00f1alar que esta manifestaci\u00f3n cultural se enmarca en el programa ejecutivo de cooperaci\u00f3n cultural entre Marruecos y China para el per\u00edodo 2024\u20132028, cuyo objetivo es reforzar los intercambios culturales y consolidar los v\u00ednculos en los \u00e1mbitos de la creaci\u00f3n art\u00edstica y cinematogr\u00e1fica.<\/p>\n","protected":false},"excerpt":{"rendered":"<p>&nbsp; ALDAR\/ La Semana del Cine Chino fue inaugurada en el cine Renaissance de Rabat, organizada por el Centro Cultural Chino en Rabat del 29 de abril al 4 de mayo, en colaboraci\u00f3n con la Cinemateca China. La ceremonia de apertura cont\u00f3 con la presencia de la embajadora de la Rep\u00fablica Popular China en Rabat, &hellip;<\/p>\n","protected":false},"author":3,"featured_media":7334,"comment_status":"open","ping_status":"open","sticky":false,"template":"","format":"standard","meta":{"footnotes":""},"categories":[3,95],"tags":[],"class_list":["post-7333","post","type-post","status-publish","format-standard","has-post-thumbnail","hentry","category-cultura-y-arte","category-noticias-aldar"],"_links":{"self":[{"href":"https:\/\/es.aldar.ma\/index.php?rest_route=\/wp\/v2\/posts\/7333","targetHints":{"allow":["GET"]}}],"collection":[{"href":"https:\/\/es.aldar.ma\/index.php?rest_route=\/wp\/v2\/posts"}],"about":[{"href":"https:\/\/es.aldar.ma\/index.php?rest_route=\/wp\/v2\/types\/post"}],"author":[{"embeddable":true,"href":"https:\/\/es.aldar.ma\/index.php?rest_route=\/wp\/v2\/users\/3"}],"replies":[{"embeddable":true,"href":"https:\/\/es.aldar.ma\/index.php?rest_route=%2Fwp%2Fv2%2Fcomments&post=7333"}],"version-history":[{"count":1,"href":"https:\/\/es.aldar.ma\/index.php?rest_route=\/wp\/v2\/posts\/7333\/revisions"}],"predecessor-version":[{"id":7335,"href":"https:\/\/es.aldar.ma\/index.php?rest_route=\/wp\/v2\/posts\/7333\/revisions\/7335"}],"wp:featuredmedia":[{"embeddable":true,"href":"https:\/\/es.aldar.ma\/index.php?rest_route=\/wp\/v2\/media\/7334"}],"wp:attachment":[{"href":"https:\/\/es.aldar.ma\/index.php?rest_route=%2Fwp%2Fv2%2Fmedia&parent=7333"}],"wp:term":[{"taxonomy":"category","embeddable":true,"href":"https:\/\/es.aldar.ma\/index.php?rest_route=%2Fwp%2Fv2%2Fcategories&post=7333"},{"taxonomy":"post_tag","embeddable":true,"href":"https:\/\/es.aldar.ma\/index.php?rest_route=%2Fwp%2Fv2%2Ftags&post=7333"}],"curies":[{"name":"wp","href":"https:\/\/api.w.org\/{rel}","templated":true}]}}