{"id":7336,"date":"2026-04-30T23:59:31","date_gmt":"2026-04-30T23:59:31","guid":{"rendered":"https:\/\/es.aldar.ma\/?p=7336"},"modified":"2026-04-30T23:59:31","modified_gmt":"2026-04-30T23:59:31","slug":"sahara-marroqui-alemania-dispuesta-a-acompanar-el-desarrollo-economico-en-las-provincias-del-sur-johann-david-wadephul","status":"publish","type":"post","link":"https:\/\/es.aldar.ma\/?p=7336","title":{"rendered":"S\u00e1hara marroqu\u00ed: Alemania dispuesta a acompa\u00f1ar el desarrollo econ\u00f3mico en las Provincias del Sur (Johann David Wadephul)"},"content":{"rendered":"<p style=\"text-align: justify;\">\n<p style=\"text-align: justify;\">Alemania expres\u00f3 su disposici\u00f3n a acompa\u00f1ar el desarrollo econ\u00f3mico en las Provincias del Sur del Reino, afirm\u00f3, el jueves en Rabat, el ministro alem\u00e1n de Asuntos Exteriores, Johann David Wadephul.<\/p>\n<p style=\"text-align: justify;\">En su intervenci\u00f3n durante una rueda de prensa conjunta con el ministro de Asuntos Exteriores, Cooperaci\u00f3n Africana y Marroqu\u00edes Residentes en el Extranjero, Nasser Bourita, al t\u00e9rmino de la segunda sesi\u00f3n del Di\u00e1logo estrat\u00e9gico multidimensional Marruecos\u2013Alemania, Wadephul subray\u00f3 \u201cla disposici\u00f3n de Alemania a acompa\u00f1ar el desarrollo econ\u00f3mico (en las Provincias del Sur), con el fin de alcanzar un desarrollo sostenible y crear un entorno de inversi\u00f3n favorable, en particular fomentando una mayor implicaci\u00f3n de empresas alemanas en ello\u201d.<\/p>\n<p style=\"text-align: justify;\">En este sentido, calific\u00f3 a Marruecos de locomotora econ\u00f3mica en la regi\u00f3n y se\u00f1al\u00f3 que los activos econ\u00f3micos del Reino, en particular en el S\u00e1hara, son de naturaleza tal que refuerzan a\u00fan m\u00e1s la asociaci\u00f3n entre los dos pa\u00edses.<\/p>\n<p style=\"text-align: justify;\">Por otra parte, el responsable alem\u00e1n celebr\u00f3 la adopci\u00f3n de la resoluci\u00f3n 2797 del Consejo de Seguridad de la ONU en octubre de 2025, y concluy\u00f3 que una \u201cverdadera autonom\u00eda bajo soberan\u00eda marroqu\u00ed es la soluci\u00f3n m\u00e1s prometedora\u201d.<\/p>\n<p style=\"text-align: justify;\">En este marco, indic\u00f3 que Alemania apoya los esfuerzos del Consejo de Seguridad e insta a \u201ctodas las partes implicadas a comprometerse con una resoluci\u00f3n del conflicto sobre la base del plan de autonom\u00eda marroqu\u00ed\u201d, con vistas a alcanzar una soluci\u00f3n definitiva a este diferendo regional.<\/p>\n<p style=\"text-align: justify;\">\n","protected":false},"excerpt":{"rendered":"<p>Alemania expres\u00f3 su disposici\u00f3n a acompa\u00f1ar el desarrollo econ\u00f3mico en las Provincias del Sur del Reino, afirm\u00f3, el jueves en Rabat, el ministro alem\u00e1n de Asuntos Exteriores, Johann David Wadephul. En su intervenci\u00f3n durante una rueda de prensa conjunta con el ministro de Asuntos Exteriores, Cooperaci\u00f3n Africana y Marroqu\u00edes Residentes en el Extranjero, Nasser Bourita, &hellip;<\/p>\n","protected":false},"author":3,"featured_media":7337,"comment_status":"open","ping_status":"open","sticky":false,"template":"","format":"standard","meta":{"footnotes":""},"categories":[95,5],"tags":[2129],"class_list":["post-7336","post","type-post","status-publish","format-standard","has-post-thumbnail","hentry","category-noticias-aldar","category-politica","tag-sahara-marroqui-alemania-dispuesta-a-acompanar-el-desarrollo-economico-en-las-provincias-del-sur-johann-david-wadephul"],"_links":{"self":[{"href":"https:\/\/es.aldar.ma\/index.php?rest_route=\/wp\/v2\/posts\/7336","targetHints":{"allow":["GET"]}}],"collection":[{"href":"https:\/\/es.aldar.ma\/index.php?rest_route=\/wp\/v2\/posts"}],"about":[{"href":"https:\/\/es.aldar.ma\/index.php?rest_route=\/wp\/v2\/types\/post"}],"author":[{"embeddable":true,"href":"https:\/\/es.aldar.ma\/index.php?rest_route=\/wp\/v2\/users\/3"}],"replies":[{"embeddable":true,"href":"https:\/\/es.aldar.ma\/index.php?rest_route=%2Fwp%2Fv2%2Fcomments&post=7336"}],"version-history":[{"count":1,"href":"https:\/\/es.aldar.ma\/index.php?rest_route=\/wp\/v2\/posts\/7336\/revisions"}],"predecessor-version":[{"id":7338,"href":"https:\/\/es.aldar.ma\/index.php?rest_route=\/wp\/v2\/posts\/7336\/revisions\/7338"}],"wp:featuredmedia":[{"embeddable":true,"href":"https:\/\/es.aldar.ma\/index.php?rest_route=\/wp\/v2\/media\/7337"}],"wp:attachment":[{"href":"https:\/\/es.aldar.ma\/index.php?rest_route=%2Fwp%2Fv2%2Fmedia&parent=7336"}],"wp:term":[{"taxonomy":"category","embeddable":true,"href":"https:\/\/es.aldar.ma\/index.php?rest_route=%2Fwp%2Fv2%2Fcategories&post=7336"},{"taxonomy":"post_tag","embeddable":true,"href":"https:\/\/es.aldar.ma\/index.php?rest_route=%2Fwp%2Fv2%2Ftags&post=7336"}],"curies":[{"name":"wp","href":"https:\/\/api.w.org\/{rel}","templated":true}]}}