{"id":7660,"date":"2026-09-02T17:12:07","date_gmt":"2026-09-02T17:12:07","guid":{"rendered":"https:\/\/es.aldar.ma\/?p=7660"},"modified":"2026-09-02T18:08:29","modified_gmt":"2026-09-02T18:08:29","slug":"del-banquillo-al-analisis-futbolistico-walid-regragui-se-incorpora-a-canal-como-analista-deportivo","status":"publish","type":"post","link":"https:\/\/es.aldar.ma\/?p=7660","title":{"rendered":"Del banquillo al an\u00e1lisis futbol\u00edstico: Walid Regragui se incorpora a Canal+ como analista deportivo"},"content":{"rendered":"<p style=\"text-align: justify;\">ALDAR\/<\/p>\n<p style=\"text-align: justify;\">Walid Regragui inicia una nueva etapa profesional lejos de los terrenos de juego, despu\u00e9s de que la cadena francesa Canal+ anunciara oficialmente su incorporaci\u00f3n a su equipo de consultores deportivos, donde ejercer\u00e1 como analista t\u00e9cnico en los programas deportivos de la cadena.<\/p>\n<p style=\"text-align: justify;\">El anuncio se produjo durante la conferencia organizada por Canal+ para presentar los detalles de su nueva temporada televisiva, celebrada en la plataforma \u00abMichel Platini\u00bb, en la sede de la cadena.<\/p>\n<p style=\"text-align: justify;\">Los espectadores de Canal+ podr\u00e1n beneficiarse de la experiencia de Regragui a la hora de analizar los partidos y sus aspectos t\u00e9cnicos, gracias a su presencia en los estudios destinados a la cobertura de las competiciones europeas, as\u00ed como de los encuentros de la Premier League.<\/p>\n<p style=\"text-align: justify;\">Este paso de los banquillos al an\u00e1lisis deportivo llega despu\u00e9s de una destacada trayectoria como entrenador y profesional del f\u00fatbol para Regragui, de 50 a\u00f1os. Uno de los cap\u00edtulos m\u00e1s importantes de su carrera fue su etapa al frente de la selecci\u00f3n marroqu\u00ed entre 2022 y 2026, durante la cual contribuy\u00f3 al hist\u00f3rico logro conseguido en el Mundial de Qatar. Aquella actuaci\u00f3n impuls\u00f3 el reconocimiento internacional del f\u00fatbol marroqu\u00ed y situ\u00f3 a los Leones del Atlas en primera l\u00ednea del panorama futbol\u00edstico mundial.<\/p>\n","protected":false},"excerpt":{"rendered":"<p>ALDAR\/ Walid Regragui inicia una nueva etapa profesional lejos de los terrenos de juego, despu\u00e9s de que la cadena francesa Canal+ anunciara oficialmente su incorporaci\u00f3n a su equipo de consultores deportivos, donde ejercer\u00e1 como analista t\u00e9cnico en los programas deportivos de la cadena. El anuncio se produjo durante la conferencia organizada por Canal+ para presentar &hellip;<\/p>\n","protected":false},"author":3,"featured_media":7663,"comment_status":"open","ping_status":"open","sticky":false,"template":"","format":"standard","meta":{"footnotes":""},"categories":[249,1522],"tags":[],"class_list":["post-7660","post","type-post","status-publish","format-standard","has-post-thumbnail","hentry","category-actividades-gubernamentales","category-sport-2"],"_links":{"self":[{"href":"https:\/\/es.aldar.ma\/index.php?rest_route=\/wp\/v2\/posts\/7660","targetHints":{"allow":["GET"]}}],"collection":[{"href":"https:\/\/es.aldar.ma\/index.php?rest_route=\/wp\/v2\/posts"}],"about":[{"href":"https:\/\/es.aldar.ma\/index.php?rest_route=\/wp\/v2\/types\/post"}],"author":[{"embeddable":true,"href":"https:\/\/es.aldar.ma\/index.php?rest_route=\/wp\/v2\/users\/3"}],"replies":[{"embeddable":true,"href":"https:\/\/es.aldar.ma\/index.php?rest_route=%2Fwp%2Fv2%2Fcomments&post=7660"}],"version-history":[{"count":1,"href":"https:\/\/es.aldar.ma\/index.php?rest_route=\/wp\/v2\/posts\/7660\/revisions"}],"predecessor-version":[{"id":7662,"href":"https:\/\/es.aldar.ma\/index.php?rest_route=\/wp\/v2\/posts\/7660\/revisions\/7662"}],"wp:featuredmedia":[{"embeddable":true,"href":"https:\/\/es.aldar.ma\/index.php?rest_route=\/wp\/v2\/media\/7663"}],"wp:attachment":[{"href":"https:\/\/es.aldar.ma\/index.php?rest_route=%2Fwp%2Fv2%2Fmedia&parent=7660"}],"wp:term":[{"taxonomy":"category","embeddable":true,"href":"https:\/\/es.aldar.ma\/index.php?rest_route=%2Fwp%2Fv2%2Fcategories&post=7660"},{"taxonomy":"post_tag","embeddable":true,"href":"https:\/\/es.aldar.ma\/index.php?rest_route=%2Fwp%2Fv2%2Ftags&post=7660"}],"curies":[{"name":"wp","href":"https:\/\/api.w.org\/{rel}","templated":true}]}}