{"id":7684,"date":"2026-09-04T20:20:27","date_gmt":"2026-09-04T20:20:27","guid":{"rendered":"https:\/\/es.aldar.ma\/?p=7684"},"modified":"2026-09-04T20:20:27","modified_gmt":"2026-09-04T20:20:27","slug":"dinamarca-y-marruecos-acuerdan-elevar-sus-relaciones-a-una-asociacion-estrategica","status":"publish","type":"post","link":"https:\/\/es.aldar.ma\/?p=7684","title":{"rendered":"Dinamarca y Marruecos acuerdan elevar sus relaciones a una asociaci\u00f3n estrat\u00e9gica"},"content":{"rendered":"<p style=\"text-align: justify;\">Dinamarca y Marruecos reafirmaron el viernes en Copenhague la excelencia y el car\u00e1cter estrat\u00e9gico de sus relaciones bilaterales, marcadas por una din\u00e1mica sostenida y una voluntad com\u00fan de elevar esta asociaci\u00f3n a un nivel estrat\u00e9gico.<\/p>\n<p style=\"text-align: justify;\">Esta voluntad fue expresada durante un encuentro entre el ministro dan\u00e9s de Asuntos Exteriores, Sr. Lars L\u00f8kke Rasmussen, y el ministro de Asuntos Exteriores, Cooperaci\u00f3n Africana y Marroqu\u00edes Residentes en el Extranjero, Sr. Nasser Bourita.<\/p>\n<p style=\"text-align: justify;\">Los dos ministros destacaron el car\u00e1cter hist\u00f3rico, excelente y estrat\u00e9gico de las relaciones entre los dos Reinos y acordaron una visita a Marruecos del ministro dan\u00e9s de Asuntos Exteriores para concluir una asociaci\u00f3n estrat\u00e9gica centrada en el fortalecimiento del di\u00e1logo pol\u00edtico.<\/p>\n<p style=\"text-align: justify;\">El jefe de la diplomacia danesa subray\u00f3, a este respecto, la importancia de la asociaci\u00f3n entre Dinamarca y Marruecos, calificando al Reino de \u00absocio fiable\u00bb y de \u00abmotor para el crecimiento y el desarrollo\u00bb en la regi\u00f3n y en \u00c1frica en general.<\/p>\n<p style=\"text-align: justify;\">La nueva asociaci\u00f3n marroqu\u00ed-danesa tendr\u00e1 tambi\u00e9n como objetivo promover los v\u00ednculos econ\u00f3micos y comerciales en varios sectores, particularmente las tecnolog\u00edas del agua, las energ\u00edas renovables, los productos farmac\u00e9uticos, la agricultura y la industria agroalimentaria, as\u00ed como las infraestructuras.<\/p>\n<p style=\"text-align: justify;\">Los dos ministros destacaron, en esta ocasi\u00f3n, la importancia de las inversiones danesas en Marruecos y acordaron promover m\u00e1s los contactos entre las empresas y la comunidad empresarial, mediante la creaci\u00f3n de un consejo empresarial marroqu\u00ed-dan\u00e9s.<\/p>\n<p style=\"text-align: justify;\">La nueva asociaci\u00f3n estrat\u00e9gica incluir\u00e1 tambi\u00e9n un componente migratorio, que servir\u00e1 para consolidar la excelente cooperaci\u00f3n entre los dos pa\u00edses en este \u00e1mbito y reforzarla m\u00e1s mediante mecanismos y herramientas adecuados.<\/p>\n","protected":false},"excerpt":{"rendered":"<p>Dinamarca y Marruecos reafirmaron el viernes en Copenhague la excelencia y el car\u00e1cter estrat\u00e9gico de sus relaciones bilaterales, marcadas por una din\u00e1mica sostenida y una voluntad com\u00fan de elevar esta asociaci\u00f3n a un nivel estrat\u00e9gico. Esta voluntad fue expresada durante un encuentro entre el ministro dan\u00e9s de Asuntos Exteriores, Sr. Lars L\u00f8kke Rasmussen, y el &hellip;<\/p>\n","protected":false},"author":3,"featured_media":7685,"comment_status":"open","ping_status":"open","sticky":false,"template":"","format":"standard","meta":{"footnotes":""},"categories":[249],"tags":[],"class_list":["post-7684","post","type-post","status-publish","format-standard","has-post-thumbnail","hentry","category-actividades-gubernamentales"],"_links":{"self":[{"href":"https:\/\/es.aldar.ma\/index.php?rest_route=\/wp\/v2\/posts\/7684","targetHints":{"allow":["GET"]}}],"collection":[{"href":"https:\/\/es.aldar.ma\/index.php?rest_route=\/wp\/v2\/posts"}],"about":[{"href":"https:\/\/es.aldar.ma\/index.php?rest_route=\/wp\/v2\/types\/post"}],"author":[{"embeddable":true,"href":"https:\/\/es.aldar.ma\/index.php?rest_route=\/wp\/v2\/users\/3"}],"replies":[{"embeddable":true,"href":"https:\/\/es.aldar.ma\/index.php?rest_route=%2Fwp%2Fv2%2Fcomments&post=7684"}],"version-history":[{"count":1,"href":"https:\/\/es.aldar.ma\/index.php?rest_route=\/wp\/v2\/posts\/7684\/revisions"}],"predecessor-version":[{"id":7687,"href":"https:\/\/es.aldar.ma\/index.php?rest_route=\/wp\/v2\/posts\/7684\/revisions\/7687"}],"wp:featuredmedia":[{"embeddable":true,"href":"https:\/\/es.aldar.ma\/index.php?rest_route=\/wp\/v2\/media\/7685"}],"wp:attachment":[{"href":"https:\/\/es.aldar.ma\/index.php?rest_route=%2Fwp%2Fv2%2Fmedia&parent=7684"}],"wp:term":[{"taxonomy":"category","embeddable":true,"href":"https:\/\/es.aldar.ma\/index.php?rest_route=%2Fwp%2Fv2%2Fcategories&post=7684"},{"taxonomy":"post_tag","embeddable":true,"href":"https:\/\/es.aldar.ma\/index.php?rest_route=%2Fwp%2Fv2%2Ftags&post=7684"}],"curies":[{"name":"wp","href":"https:\/\/api.w.org\/{rel}","templated":true}]}}